{"id":67462,"date":"2019-11-14T15:14:08","date_gmt":"2019-11-14T20:14:08","guid":{"rendered":"https:\/\/linitiative.ca\/International\/equipe-dalgerie-belmadi-le-fait-detre-champion-dafrique-nest-pas-en-soi-une-garantie-pour-la-qualification-a-la-prochaine-can\/"},"modified":"2019-11-14T15:14:08","modified_gmt":"2019-11-14T20:14:08","slug":"equipe-dalgerie-belmadi-le-fait-detre-champion-dafrique-nest-pas-en-soi-une-garantie-pour-la-qualification-a-la-prochaine-can","status":"publish","type":"post","link":"https:\/\/linitiative.ca\/International\/equipe-dalgerie-belmadi-le-fait-detre-champion-dafrique-nest-pas-en-soi-une-garantie-pour-la-qualification-a-la-prochaine-can\/","title":{"rendered":"Equipe d&rsquo;Alg\u00e9rie : Belmadi : \u00abLe fait d\u2019\u00eatre champion d\u2019Afrique n\u2019est pas en soi une garantie pour la qualification \u00e0 la prochaine CAN\u00bb"},"content":{"rendered":"<div readability=\"32\">\n<p>Auteur : <span class=\"time\">jeudi 14 novembre 2019 19:16<\/span><\/p>\n<\/div>\n<div id=\"post_core\" readability=\"41\">\n<p>Dans un entretien accord\u00e9 \u00e0 Cafonline.com, le s\u00e9lectionneur national, Djamel Belmadi a \u00e9voqu\u00e9 la d\u00e9fense du titre africain qui d\u00e9butera ce jeudi face \u00e0 la Zambie\u00a0:\u00a0\u00abL\u2019objectif pour nous est de continuer \u00e0 progresser, \u00e0 gagner et se qualifier \u00e0 la prochaine CAN Total, car pour nous le fait d\u2019\u00eatre champion d\u2019Afrique n\u2019est pas en soi une garantie pour la qualification au tournoi final. Je vous donne l\u2019exemple de 2010, o\u00f9 nous sortions d\u2019une participation au mondial sud-africain sans toutefois r\u00e9ussir \u00e0 se qualifier \u00e0 la CAN 2012. Il faut juste se remettre au travail, et seul ce dernier paye pour \u00eatre pr\u00e9sent lors de la prochaine CAN Total 2021.\u00bb<\/p>\n<p><strong>Publi\u00e9 dans :<\/strong> <span>Belmadi<\/span><\/p>\n<\/div>\n<p>Auteur:<br \/>\n<a href=\"http:\/\/www.lebuteur.com\/article\/detail?titre=belmadi-le-fait-detre-champion-dafrique-nest-pas-en-soi-une-garantie-pour-la-qualification-a-la-prochaine-can&#038;id=92966&#038;utm_source=feedburner&#038;utm_medium=feed&#038;utm_campaign=Feed%3A+GalerieFArtciles+%28Les+derniers+articles++-+lebuteur.com%29\">Cliquez ici pour lire l&rsquo;article depuis sa source.<\/a><\/p>\n","protected":false},"excerpt":{"rendered":"<p>Auteur : jeudi 14 novembre 2019 19:16 Dans un entretien accord\u00e9 \u00e0 Cafonline.com, le s\u00e9lectionneur national, Djamel Belmadi a \u00e9voqu\u00e9 la d\u00e9fense du titre africain qui d\u00e9butera ce jeudi face \u00e0 la Zambie\u00a0:\u00a0\u00abL\u2019objectif pour nous est de continuer \u00e0 progresser, \u00e0 gagner et se qualifier \u00e0 la prochaine CAN Total, car pour nous le fait [&hellip;]<\/p>\n","protected":false},"author":1738,"featured_media":67463,"comment_status":"closed","ping_status":"closed","sticky":false,"template":"","format":"standard","meta":{"fifu_image_url":"","fifu_image_alt":"","footnotes":""},"categories":[53,75],"tags":[],"class_list":["post-67462","post","type-post","status-publish","format-standard","has-post-thumbnail","hentry","category-algerie","category-sport"],"_links":{"self":[{"href":"https:\/\/linitiative.ca\/International\/wp-json\/wp\/v2\/posts\/67462","targetHints":{"allow":["GET"]}}],"collection":[{"href":"https:\/\/linitiative.ca\/International\/wp-json\/wp\/v2\/posts"}],"about":[{"href":"https:\/\/linitiative.ca\/International\/wp-json\/wp\/v2\/types\/post"}],"author":[{"embeddable":true,"href":"https:\/\/linitiative.ca\/International\/wp-json\/wp\/v2\/users\/1738"}],"replies":[{"embeddable":true,"href":"https:\/\/linitiative.ca\/International\/wp-json\/wp\/v2\/comments?post=67462"}],"version-history":[{"count":0,"href":"https:\/\/linitiative.ca\/International\/wp-json\/wp\/v2\/posts\/67462\/revisions"}],"wp:featuredmedia":[{"embeddable":true,"href":"https:\/\/linitiative.ca\/International\/wp-json\/"}],"wp:attachment":[{"href":"https:\/\/linitiative.ca\/International\/wp-json\/wp\/v2\/media?parent=67462"}],"wp:term":[{"taxonomy":"category","embeddable":true,"href":"https:\/\/linitiative.ca\/International\/wp-json\/wp\/v2\/categories?post=67462"},{"taxonomy":"post_tag","embeddable":true,"href":"https:\/\/linitiative.ca\/International\/wp-json\/wp\/v2\/tags?post=67462"}],"curies":[{"name":"wp","href":"https:\/\/api.w.org\/{rel}","templated":true}]}}