{"id":67464,"date":"2019-11-14T15:14:09","date_gmt":"2019-11-14T20:14:09","guid":{"rendered":"https:\/\/linitiative.ca\/International\/equipe-dalgerie-belmadi-qualifies-au-mondial-2022-il-serait-ambitieux-pour-nous-de-depasser-les-huitiemes-de-finale\/"},"modified":"2019-11-14T15:14:09","modified_gmt":"2019-11-14T20:14:09","slug":"equipe-dalgerie-belmadi-qualifies-au-mondial-2022-il-serait-ambitieux-pour-nous-de-depasser-les-huitiemes-de-finale","status":"publish","type":"post","link":"https:\/\/linitiative.ca\/International\/equipe-dalgerie-belmadi-qualifies-au-mondial-2022-il-serait-ambitieux-pour-nous-de-depasser-les-huitiemes-de-finale\/","title":{"rendered":"Equipe d&rsquo;Alg\u00e9rie : Belmadi : \u00abQualifi\u00e9s au Mondial 2022, il serait ambitieux pour nous de d\u00e9passer les huiti\u00e8mes de finale\u00bb"},"content":{"rendered":"<div readability=\"32\">\n<p>Auteur : <span class=\"time\">jeudi 14 novembre 2019 19:31<\/span><\/p>\n<\/div>\n<div id=\"post_core\" readability=\"43\">\n<p>Le s\u00e9lectionneur national, Djamel Belmadi s\u2019est confi\u00e9 sur les objectifs des Verts, et notamment la qualification \u00e0 la prochaine Coupe du Monde 2022 qui aura lieu au Qatar\u00a0:\u00a0\u00abPour ce qui est de la qualification au Mondial 2022, les \u00e9liminatoires arrivent \u00e0 grands pas surtout que nous savons que la comp\u00e9tition sera au top, pour avoir connu le Qatar o\u00f9 j\u2019ai exerc\u00e9 pendant plusieurs ann\u00e9es. Personnellement, je veux y participer surtout apr\u00e8s avoir rat\u00e9 l\u2019\u00e9dition 2018. C\u2019est l\u2019objectif majeur, m\u00eame si \u00e7a ne sera pas ais\u00e9e. On peut dire que \u00e7a sera tout sauf facile. Nous y travaillons d\u00e9j\u00e0. Qualifi\u00e9s \u00e0 Qatar 2022, nous allons fixer notre nouvel objectif. Il serait ambitieux pour nous de d\u00e9passer les huiti\u00e8mes de finale, tour qu\u2019avaient atteint nos pr\u00e9d\u00e9cesseurs en 2014 et tout cela viendra par \u00e9tapes.\u00bb a-t-il d\u00e9clar\u00e9 \u00e0 Cafonline.com.<\/p>\n<p><strong>Publi\u00e9 dans :<\/strong> <span>Belmadi<\/span><\/p>\n<\/div>\n<p>Auteur:<br \/>\n<a href=\"http:\/\/www.lebuteur.com\/article\/detail?titre=belmadi-qualifies-au-mondial-2022-il-serait-ambitieux-pour-nous-de-depasser-les-huitiemes-de-finale&#038;id=92967&#038;utm_source=feedburner&#038;utm_medium=feed&#038;utm_campaign=Feed%3A+GalerieFArtciles+%28Les+derniers+articles++-+lebuteur.com%29\">Cliquez ici pour lire l&rsquo;article depuis sa source.<\/a><\/p>\n","protected":false},"excerpt":{"rendered":"<p>Auteur : jeudi 14 novembre 2019 19:31 Le s\u00e9lectionneur national, Djamel Belmadi s\u2019est confi\u00e9 sur les objectifs des Verts, et notamment la qualification \u00e0 la prochaine Coupe du Monde 2022 qui aura lieu au Qatar\u00a0:\u00a0\u00abPour ce qui est de la qualification au Mondial 2022, les \u00e9liminatoires arrivent \u00e0 grands pas surtout que nous savons que [&hellip;]<\/p>\n","protected":false},"author":1738,"featured_media":67465,"comment_status":"closed","ping_status":"closed","sticky":false,"template":"","format":"standard","meta":{"fifu_image_url":"","fifu_image_alt":"","footnotes":""},"categories":[53,75],"tags":[],"class_list":["post-67464","post","type-post","status-publish","format-standard","has-post-thumbnail","hentry","category-algerie","category-sport"],"_links":{"self":[{"href":"https:\/\/linitiative.ca\/International\/wp-json\/wp\/v2\/posts\/67464","targetHints":{"allow":["GET"]}}],"collection":[{"href":"https:\/\/linitiative.ca\/International\/wp-json\/wp\/v2\/posts"}],"about":[{"href":"https:\/\/linitiative.ca\/International\/wp-json\/wp\/v2\/types\/post"}],"author":[{"embeddable":true,"href":"https:\/\/linitiative.ca\/International\/wp-json\/wp\/v2\/users\/1738"}],"replies":[{"embeddable":true,"href":"https:\/\/linitiative.ca\/International\/wp-json\/wp\/v2\/comments?post=67464"}],"version-history":[{"count":0,"href":"https:\/\/linitiative.ca\/International\/wp-json\/wp\/v2\/posts\/67464\/revisions"}],"wp:featuredmedia":[{"embeddable":true,"href":"https:\/\/linitiative.ca\/International\/wp-json\/"}],"wp:attachment":[{"href":"https:\/\/linitiative.ca\/International\/wp-json\/wp\/v2\/media?parent=67464"}],"wp:term":[{"taxonomy":"category","embeddable":true,"href":"https:\/\/linitiative.ca\/International\/wp-json\/wp\/v2\/categories?post=67464"},{"taxonomy":"post_tag","embeddable":true,"href":"https:\/\/linitiative.ca\/International\/wp-json\/wp\/v2\/tags?post=67464"}],"curies":[{"name":"wp","href":"https:\/\/api.w.org\/{rel}","templated":true}]}}