{"id":67469,"date":"2019-11-13T18:00:00","date_gmt":"2019-11-13T23:00:00","guid":{"rendered":"https:\/\/linitiative.ca\/International\/reunion-du-gouvernement-plusieurs-dossiers-a-letude\/"},"modified":"2019-11-13T18:00:00","modified_gmt":"2019-11-13T23:00:00","slug":"reunion-du-gouvernement-plusieurs-dossiers-a-letude","status":"publish","type":"post","link":"https:\/\/linitiative.ca\/International\/reunion-du-gouvernement-plusieurs-dossiers-a-letude\/","title":{"rendered":"R\u00e9union  du gouvernement  : Plusieurs dossiers \u00e0 l\u2019\u00e9tude"},"content":{"rendered":"<p>Le gouvernement a tenu hier une r\u00e9union pr\u00e9sid\u00e9e par le Premier ministre Nouredine Bedoui, pour \u00e9tudier les dossiers li\u00e9s aux secteurs de l\u2019int\u00e9rieur, des finances, de l\u2019habitat et de la poste, a annonc\u00e9 un communiqu\u00e9 du Premier minist\u00e8re.<br \/>Le gouvernement a approuv\u00e9 un projet de d\u00e9cret ex\u00e9cutif d\u00e9finissant l\u2019organisation du Conseil consultatif intersectoriel sur la s\u00e9curit\u00e9 routi\u00e8re pr\u00e9sent\u00e9 par le ministre de l\u2019Int\u00e9rieur.<br \/>Le d\u00e9cret ex\u00e9cutif sur l\u2019ouverture, la gestion et la cl\u00f4ture des comptes de ch\u00e8ques postaux a aussi \u00e9t\u00e9 \u00e9tudi\u00e9 apr\u00e8s avoir \u00e9t\u00e9 pr\u00e9sent\u00e9 par la ministre de la Poste.\u00a0 Le Premier ministre a ordonn\u00e9 l\u2019enrichissement du texte pour le rendre conforme aux normes internationales.<br \/>Le ministre des\u00a0 Finances\u00a0 a, quant \u00e0 lui, pr\u00e9sent\u00e9 un rapport sur l\u2019am\u00e9lioration de la collecte des imp\u00f4ts avec la pr\u00e9vision de collecte de 2800 milliards DA lors de cette ann\u00e9e.<br \/>De son c\u00f4t\u00e9, le ministre de l\u2019Habitat a pr\u00e9sent\u00e9 un rapport sur les besoins du secteur afin de finaliser les projets tout en les dotant des divers r\u00e9seaux.<\/p>\n<p>Auteur: elmoudjahid<br \/>\n<a href=\"http:\/\/www.elmoudjahid.com\/fr\/actualites\/144501\">Cliquez ici pour lire l&rsquo;article depuis sa source.<\/a><\/p>\n","protected":false},"excerpt":{"rendered":"<p>Le gouvernement a tenu hier une r\u00e9union pr\u00e9sid\u00e9e par le Premier ministre Nouredine Bedoui, pour \u00e9tudier les dossiers li\u00e9s aux secteurs de l\u2019int\u00e9rieur, des finances, de l\u2019habitat et de la poste, a annonc\u00e9 un communiqu\u00e9 du Premier minist\u00e8re.Le gouvernement a approuv\u00e9 un projet de d\u00e9cret ex\u00e9cutif d\u00e9finissant l\u2019organisation du Conseil consultatif intersectoriel sur la s\u00e9curit\u00e9 [&hellip;]<\/p>\n","protected":false},"author":1744,"featured_media":0,"comment_status":"closed","ping_status":"closed","sticky":false,"template":"","format":"standard","meta":{"fifu_image_url":"","fifu_image_alt":"","footnotes":""},"categories":[73,53],"tags":[],"class_list":["post-67469","post","type-post","status-publish","format-standard","hentry","category-actualite","category-algerie"],"_links":{"self":[{"href":"https:\/\/linitiative.ca\/International\/wp-json\/wp\/v2\/posts\/67469","targetHints":{"allow":["GET"]}}],"collection":[{"href":"https:\/\/linitiative.ca\/International\/wp-json\/wp\/v2\/posts"}],"about":[{"href":"https:\/\/linitiative.ca\/International\/wp-json\/wp\/v2\/types\/post"}],"author":[{"embeddable":true,"href":"https:\/\/linitiative.ca\/International\/wp-json\/wp\/v2\/users\/1744"}],"replies":[{"embeddable":true,"href":"https:\/\/linitiative.ca\/International\/wp-json\/wp\/v2\/comments?post=67469"}],"version-history":[{"count":0,"href":"https:\/\/linitiative.ca\/International\/wp-json\/wp\/v2\/posts\/67469\/revisions"}],"wp:attachment":[{"href":"https:\/\/linitiative.ca\/International\/wp-json\/wp\/v2\/media?parent=67469"}],"wp:term":[{"taxonomy":"category","embeddable":true,"href":"https:\/\/linitiative.ca\/International\/wp-json\/wp\/v2\/categories?post=67469"},{"taxonomy":"post_tag","embeddable":true,"href":"https:\/\/linitiative.ca\/International\/wp-json\/wp\/v2\/tags?post=67469"}],"curies":[{"name":"wp","href":"https:\/\/api.w.org\/{rel}","templated":true}]}}