{"id":67470,"date":"2019-11-14T07:06:18","date_gmt":"2019-11-14T12:06:18","guid":{"rendered":"https:\/\/linitiative.ca\/International\/97476-para-athletisme-mondiaux-2019-200m-t51-medaille-de-bronze-pour-l-algerien-berrahal\/"},"modified":"2019-11-14T07:06:18","modified_gmt":"2019-11-14T12:06:18","slug":"97476-para-athletisme-mondiaux-2019-200m-t51-medaille-de-bronze-pour-l-algerien-berrahal","status":"publish","type":"post","link":"https:\/\/linitiative.ca\/International\/97476-para-athletisme-mondiaux-2019-200m-t51-medaille-de-bronze-pour-l-algerien-berrahal\/","title":{"rendered":"Para-athl\u00e9tisme\/Mondiaux-2019 (200m T51): m\u00e9daille de bronze pour l&rsquo;Alg\u00e9rien Berrahal"},"content":{"rendered":"<div readability=\"37\">\n<p><strong>DUBAI- L&rsquo;Alg\u00e9rien Mohamed Berrahal a sauv\u00e9 sa participation aux Championnats du monde-2019 de para-athl\u00e9tisme \u00e0 Duba\u00ef, en d\u00e9crochant la m\u00e9daille de bronze de l&rsquo;\u00e9preuve du 200m, classe T51, lors de la finale disput\u00e9e mercredi en soir\u00e9e.<\/strong><\/p>\n<\/div>\n<div readability=\"100\">\n<p>Berrahal a termin\u00e9 la course en 40.70, am\u00e9liorant du coup son record d&rsquo;Afrique, devant le redoutable Mexicain Navarro Sanchez (40.78).<\/p>\n<p>Le podium a \u00e9t\u00e9 compl\u00e9t\u00e9 par le nouveau champion du monde de la distance, le Belge Peter Genyn (37.90) et le Finlandais Toni Piispanen (38.32).<\/p>\n<p>Tout heureux de sa cons\u00e9cration, Berrahal a remerci\u00e9 ceux qui ont cru en lui, apr\u00e8s son \u00e9chec lors de la finale du 100m, o\u00f9 il avait \u00e9t\u00e9 disqualifi\u00e9, apr\u00e8s avoir franchi la ligne d&rsquo;arriv\u00e9e en 5e position.<\/p>\n<blockquote readability=\"14\">\n<p><strong>\u00ab\u00a0Que c&rsquo;\u00e9tait difficile pour moi. Avant le d\u00e9part, j&rsquo;ai senti une pression \u00e9norme. Je ne sais pas d&rsquo;o\u00f9 j&rsquo;ai trouv\u00e9 les ressources n\u00e9cessaires pour revenir dans la course et prendre, in extremis, cette m\u00e9daille de bronze, sauvant ma participation aux Mondiaux de Duba\u00ef\u00a0\u00bb, a indiqu\u00e9 Berrahal, contact\u00e9 par l&rsquo;APS.<\/strong><\/p>\n<\/blockquote>\n<p>Son entra\u00eeneur Abdelhak Kassouri a \u00e9t\u00e9, peut-\u00eatre, le plus heureux de tous, affirmant qu&rsquo;il avait toujours confiance en son athl\u00e8te : \u00ab\u00a0Peut-\u00eatre j&rsquo;\u00e9tais plus stress\u00e9 que Mohamed, mais comme je connais la valeur de l&rsquo;athl\u00e8te, j&rsquo;avais confiance en lui et je savais que quelque part, il<\/p>\n<p>allait r\u00e9aliser une bonne performance\u00a0\u00bb.<\/p>\n<p>Avant lui, quatre autres nouvelles m\u00e9dailles allaient am\u00e9liorer la moisson alg\u00e9rienne gr\u00e2ce, tout d&rsquo;abord, au lancer de poids, classe T56\/57 avec Nassima Sa\u00effi (argent) et Safia Djelal (bronze).<\/p>\n<p>Leurs compatriotes Lahouari Bahlaz (argent) et Mohamed Hamchi (bronze) ont en fait de m\u00eame au lancer de poids F32.<\/p>\n<p>L&rsquo;Alg\u00e9rie occupe donc la 15e position au tableau des m\u00e9dailles, avant la 8e et avant-derni\u00e8re journ\u00e9e jeudi, avec un total de 14 breloques (2 or, 6 argent et 6 bronze) dans un classement domin\u00e9 toujours par la Chine et ses 52 m\u00e9dailles dont 23 en or.<\/p>\n<blockquote readability=\"16\">\n<p><strong>Jeudi, l&rsquo;athl\u00e8te Sid Ali Bouzourine s&rsquo;est class\u00e9 8e et dernier en finale du 400m, classe T36, avec un chrono de 1:01.87, alors que l&rsquo;Australien James Turner, vainqueur en 51.71, a d\u00e9tr\u00f4n\u00e9 le Russe Evgenii Shvetsov, 2e(53.18), de son titre mondial et record du monde. La m\u00e9daille de bronze est revenue \u00e0 William Stedman (Nouvelle-Z\u00e9lande) en 54.28.<\/strong><\/p>\n<\/blockquote>\n<p>Au programme des \u00e9preuves de jeudi \u00e9galement, la participation de Kamel ardjena \u00e0 la finale du lancer de poids (F33).<\/p>\n<p>Plus de 1.400 athl\u00e8tes issus de 120 pays, dont 22 Alg\u00e9riens, prennent part au rendez-vous de Duba\u00ef, qualificatif aux Jeux Paralympiques de Tokyo-2020.<\/p>\n<p>L&rsquo;objectif de la participation alg\u00e9rienne est de revenir avec 18 m\u00e9dailles dont deux en or.<\/p>\n<\/div>\n<p>Auteur:<br \/>\n<a href=\"http:\/\/www.aps.dz\/sport\/97476-para-athletisme-mondiaux-2019-200m-t51-medaille-de-bronze-pour-l-algerien-berrahal?utm_source=feedburner&#038;utm_medium=feed&#038;utm_campaign=Feed%3A+aps-sport+%28APS+-+SPORT%29\">Cliquez ici pour lire l&rsquo;article depuis sa source.<\/a><\/p>\n","protected":false},"excerpt":{"rendered":"<p>DUBAI- L&rsquo;Alg\u00e9rien Mohamed Berrahal a sauv\u00e9 sa participation aux Championnats du monde-2019 de para-athl\u00e9tisme \u00e0 Duba\u00ef, en d\u00e9crochant la m\u00e9daille de bronze de l&rsquo;\u00e9preuve du 200m, classe T51, lors de la finale disput\u00e9e mercredi en soir\u00e9e. Berrahal a termin\u00e9 la course en 40.70, am\u00e9liorant du coup son record d&rsquo;Afrique, devant le redoutable Mexicain Navarro Sanchez [&hellip;]<\/p>\n","protected":false},"author":1790,"featured_media":0,"comment_status":"closed","ping_status":"closed","sticky":false,"template":"","format":"standard","meta":{"fifu_image_url":"","fifu_image_alt":"","footnotes":""},"categories":[53,75],"tags":[],"class_list":["post-67470","post","type-post","status-publish","format-standard","hentry","category-algerie","category-sport"],"_links":{"self":[{"href":"https:\/\/linitiative.ca\/International\/wp-json\/wp\/v2\/posts\/67470","targetHints":{"allow":["GET"]}}],"collection":[{"href":"https:\/\/linitiative.ca\/International\/wp-json\/wp\/v2\/posts"}],"about":[{"href":"https:\/\/linitiative.ca\/International\/wp-json\/wp\/v2\/types\/post"}],"author":[{"embeddable":true,"href":"https:\/\/linitiative.ca\/International\/wp-json\/wp\/v2\/users\/1790"}],"replies":[{"embeddable":true,"href":"https:\/\/linitiative.ca\/International\/wp-json\/wp\/v2\/comments?post=67470"}],"version-history":[{"count":0,"href":"https:\/\/linitiative.ca\/International\/wp-json\/wp\/v2\/posts\/67470\/revisions"}],"wp:attachment":[{"href":"https:\/\/linitiative.ca\/International\/wp-json\/wp\/v2\/media?parent=67470"}],"wp:term":[{"taxonomy":"category","embeddable":true,"href":"https:\/\/linitiative.ca\/International\/wp-json\/wp\/v2\/categories?post=67470"},{"taxonomy":"post_tag","embeddable":true,"href":"https:\/\/linitiative.ca\/International\/wp-json\/wp\/v2\/tags?post=67470"}],"curies":[{"name":"wp","href":"https:\/\/api.w.org\/{rel}","templated":true}]}}