{"id":67477,"date":"2019-11-14T04:24:21","date_gmt":"2019-11-14T09:24:21","guid":{"rendered":"https:\/\/linitiative.ca\/International\/le-tribunal-de-bab-el-oued-relaxe-des-detenus-du-hirak-la-troublante-exception-sidi-mhamed\/"},"modified":"2019-11-14T04:24:21","modified_gmt":"2019-11-14T09:24:21","slug":"le-tribunal-de-bab-el-oued-relaxe-des-detenus-du-hirak-la-troublante-exception-sidi-mhamed","status":"publish","type":"post","link":"https:\/\/linitiative.ca\/International\/le-tribunal-de-bab-el-oued-relaxe-des-detenus-du-hirak-la-troublante-exception-sidi-mhamed\/","title":{"rendered":"Le tribunal de Bab El Oued relaxe des d\u00e9tenus du hirak : La troublante  \u00abException Sidi M\u2019hamed\u00bb"},"content":{"rendered":"<h4 class=\"title-14\"\/>\n<div class=\"featured_image\"><img loading=\"lazy\" decoding=\"async\" width=\"678\" height=\"452\" src=\"https:\/\/www.elwatan.com\/wp-content\/uploads\/2019\/11\/images-4.jpeg\" class=\"attachment-post-thumbnail size-post-thumbnail wp-post-image\" alt=\"\" srcset=\"https:\/\/www.elwatan.com\/wp-content\/uploads\/2019\/11\/images-4.jpeg 678w, https:\/\/www.elwatan.com\/wp-content\/uploads\/2019\/11\/images-4-300x200.jpeg 300w\" sizes=\"auto, (max-width: 678px) 100vw, 678px\"\/><\/div>\n<p>Le tribunal de Bab El Oued (Alger) a prononc\u00e9, hier, la relaxe pour cinq d\u00e9tenus incarc\u00e9r\u00e9s \u00e0 la maison d\u2019arr\u00eat d\u2019El Harrach pour port de l\u2019embl\u00e8me amazigh. Il s\u2019agit de Boudjemil Mohand, Idir Ali, Karoun Hamza, Lekhel Kamel et Okbi Akli, plac\u00e9s en d\u00e9tention pr\u00e9ventive depuis le 23 juin dernier.<\/p>\n<p>Une foule compos\u00e9e des familles des prisonniers, de membres du collectif de d\u00e9fense, de militants de partis, de journalistes, s\u2019\u00e9tait rassembl\u00e9e le matin devant le tribunal de la proche banlieue ouest d\u2019Alger (Hammamet, ex-Bainem).<\/p>\n<p>La police, tr\u00e8s tatillonne, a fini par ouvrir l\u2019acc\u00e8s \u00e0 la salle \u00e0 l\u2019arriv\u00e9e du fourgon p\u00e9nitentiaire. Le magistrat entre dans la salle, exige le calme. Il commence par donner les noms des pr\u00e9venus avant d\u2019annoncer son verdict\u00a0: relaxe pour tous les d\u00e9tenus. Aussit\u00f4t, des cris de soulagement, des youyous fusent dans la salle bond\u00e9e. Les pr\u00e9sents sortaient presque en courant du tribunal, smartphones en main, des lives seront partag\u00e9s \u00e0 sati\u00e9t\u00e9 sur les r\u00e9seaux sociaux.<\/p>\n<p>Des slogans sont scand\u00e9s \u00e0 gorge d\u00e9ploy\u00e9e sous le regard des policiers\u00a0: \u00abAlg\u00e9rie, libre et d\u00e9mocratique\u00a0!\u00bb\u00a0\u00abNous sommes des Imazighen, personne ne peut nous soumettre !\u00bb \u00abPas de vote !\u00bb Pr\u00e9sente aux c\u00f4t\u00e9s des familles, la d\u00e9put\u00e9e Fetta Sadat pr\u00e9cise que le juge n\u2019a fait qu\u2019appliquer la loi. \u00abTr\u00e8s contente que la justice soit rendue, mais je d\u00e9plore cependant que les d\u00e9tenus aient pass\u00e9 pr\u00e8s 5 mois de leur vie en prison pour des faits qui ne sont pas r\u00e9prim\u00e9s par la loi.<\/p>\n<p>Nous ne devons pas oublier qu\u2019ils ont \u00e9t\u00e9 arr\u00eat\u00e9s, poursuivis et plac\u00e9s en d\u00e9tention abusivement\u00bb, tranche l\u2019avocate. La relaxe prononc\u00e9e par le tribunal de Bainem intervient apr\u00e8s que le juge de Sidi M\u2019hamed ait condamn\u00e9 d\u2019autres d\u00e9tenus \u00e0 un an de prison, dont six mois avec sursis, pour le m\u00eame chef d\u2019inculpation.<\/p>\n<p><strong>\u00abJe resterai Amazigh jusqu\u2019\u00e0 ma mort\u00bb<\/strong><\/p>\n<p>Le coordinateur du collectif des familles des d\u00e9tenus, Arezki Challal, signale que le verdict est une \u00abbouff\u00e9e d\u2019oxyg\u00e8ne\u00bb pour les proches des prisonniers. \u00abMais comment se fait-il qu\u2019en l\u2019espace de trois jours, trois verdicts ont \u00e9t\u00e9 prononc\u00e9s pour le m\u00eame suppos\u00e9 d\u00e9lit (atteinte \u00e0 l\u2019unit\u00e9 nationale \u2013 port du drapeau amazigh)\u00a0?\u00bb s\u2019offusque-t-il.<\/p>\n<p>Dans une d\u00e9claration post\u00e9e sur sa page la veille, le coordinateur note : \u00abCes condamnations, qui interviennent apr\u00e8s pr\u00e8s de cinq mois de d\u00e9tention arbitraire \u00e0 titre pr\u00e9ventif pour certains des accus\u00e9s, sont aussi iniques qu\u2019incompr\u00e9hensibles. Elles sont juridiquement scandaleuses et politiquement dangereuses.<\/p>\n<p>Scandaleuses, d\u2019abord, parce que les arrestations, l\u2019incarc\u00e9ration, les chefs d\u2019inculpation et les peines prononc\u00e9es \u00e0 la surprise g\u00e9n\u00e9rale rel\u00e8vent du pur arbitraire et ne reposent sur aucun fondement juridique, comme l\u2019ont brillamment d\u00e9montr\u00e9 les avocats de la d\u00e9fense lors de leurs plaidoiries.<\/p>\n<p>Scandaleuses, puisque d\u2019autres tribunaux, dans d\u2019autres r\u00e9gions du pays, ont tout simplement relax\u00e9 des accus\u00e9s jug\u00e9s pour des faits identiques, estimant, \u00e0 juste titre, que porter l\u2019embl\u00e8me amazigh ne constitue pas un d\u00e9lit et encore moins un crime. Les juges de Sidi M\u2019hamed apportent ainsi la preuve, \u00e0 leur corps d\u00e9fendant, que la justice de notre pays fonctionne \u00e0 la carte et que, manifestement, les Alg\u00e9riens ne sont pas \u00e9gaux devant la loi. Au-del\u00e0 de leur caract\u00e8re inique, les d\u00e9cisions rendues aujourd\u2019hui sont, enfin, politiquement dangereuses.<\/p>\n<p>Elles signent une fuite en avant du pouvoir dans sa d\u00e9marche suicidaire port\u00e9e par la seule volont\u00e9 de r\u00e9primer et de provoquer. C\u2019est ce pouvoir et non les jeunes manifestants condamn\u00e9s qui, dans son aveuglement et son ent\u00eatement d\u00e9sesp\u00e9r\u00e9 \u00e0 se maintenir, qui met en p\u00e9ril l\u2019unit\u00e9 et la coh\u00e9sion nationales pour lesquelles l\u2019embl\u00e8me amazigh constitue un ciment et non un objet de discorde.\u00bb<\/p>\n<p>Pour Sa\u00efd Salhi, vice-pr\u00e9sident de la LADDH (aile Zahouane), la relaxe des d\u00e9tenus \u00abconfirme le caract\u00e8re exceptionnel du tribunal de Sidi M\u2019hamed\u00bb. \u00abPlus que cela, il alimente tous les doutes quant \u00e0 l\u2019ind\u00e9pendance de ce tribunal, qui a d\u00e9j\u00e0 d\u00e9fray\u00e9 la chronique non seulement sur le dossier des porteurs du drapeau mais aussi sur son recours abusif \u00e0 la d\u00e9tention provisoire\u00bb, s\u2019indigne le militant des droits de l\u2019homme.<\/p>\n<p>Pour sa part, le pr\u00e9sident de la LADDH, Noureddine Benissad, estime que le tribunal de Bab El Oued a fait une \u00absaine application\u00bb de la loi, car il n\u2019y a aucune disposition p\u00e9nale qui incrimine le port d\u2019un embl\u00e8me autre que le drapeau national. \u00abComment convaincre les justiciables et les Alg\u00e9riens de cette justice \u00e0 deux vitesses, o\u00f9 pour le m\u00eame chef d\u2019inculpation, dans deux tribunaux relevant de la m\u00eame cour et dans la m\u00eame R\u00e9publique, certains sont lib\u00e9r\u00e9s et d\u2019autres condamn\u00e9s\u00bb, s\u2019interroge l\u2019avocat, pr\u00e9cisant que la Ligue appelle \u00e0 la lib\u00e9ration de tous les d\u00e9tenus d\u2019opinion et au respect des libert\u00e9s de circuler, de manifester et de s\u2019exprimer.<\/p>\n<p>Les jeunes d\u00e9tenus du hirak, les premiers \u00e0 avoir \u00e9t\u00e9 mis en d\u00e9tention (23 juin), ont \u00e9t\u00e9 lib\u00e9r\u00e9s de la maison d\u2019arr\u00eat d\u2019El Harrach en d\u00e9but d\u2019apr\u00e8s-midi. Les familles venues accueillir \u00e0 la sortir du sinistre lieu les leurs n\u2019h\u00e9siteront pas \u00e0 sortir le drapeau amazigh.<\/p>\n<p>Un des jeunes d\u00e9tenus, Ali Idir, lance \u00e0 la journaliste Lynda Abbou qui le filmait : \u00abJe resterai Amazigh jusqu\u2019\u00e0 ma mort. Tamazight est toujours l\u00e0, hamdoullah.\u00bb<\/p>\n<p><span class=\"post-views-label\">Post Views:<\/span> <span class=\"post-views-count\">1\u00a0669<\/span><\/p>\n<p><br class=\"c2\"\/><br \/>\nAuteur: Hicham Chouadria<br \/>\n<a href=\"https:\/\/www.elwatan.com\/edition\/actualite\/le-tribunal-de-bab-el-oued-relaxe-des-detenus-du-hirak-la-troublante-exception-sidi-mhamed-14-11-2019\">Cliquez ici pour lire l&rsquo;article depuis sa source.<\/a><\/p>\n","protected":false},"excerpt":{"rendered":"<p>Le tribunal de Bab El Oued (Alger) a prononc\u00e9, hier, la relaxe pour cinq d\u00e9tenus incarc\u00e9r\u00e9s \u00e0 la maison d\u2019arr\u00eat d\u2019El Harrach pour port de l\u2019embl\u00e8me amazigh. Il s\u2019agit de Boudjemil Mohand, Idir Ali, Karoun Hamza, Lekhel Kamel et Okbi Akli, plac\u00e9s en d\u00e9tention pr\u00e9ventive depuis le 23 juin dernier. Une foule compos\u00e9e des familles [&hellip;]<\/p>\n","protected":false},"author":1743,"featured_media":67478,"comment_status":"closed","ping_status":"closed","sticky":false,"template":"","format":"standard","meta":{"fifu_image_url":"","fifu_image_alt":"","footnotes":""},"categories":[73,53],"tags":[],"class_list":["post-67477","post","type-post","status-publish","format-standard","has-post-thumbnail","hentry","category-actualite","category-algerie"],"_links":{"self":[{"href":"https:\/\/linitiative.ca\/International\/wp-json\/wp\/v2\/posts\/67477","targetHints":{"allow":["GET"]}}],"collection":[{"href":"https:\/\/linitiative.ca\/International\/wp-json\/wp\/v2\/posts"}],"about":[{"href":"https:\/\/linitiative.ca\/International\/wp-json\/wp\/v2\/types\/post"}],"author":[{"embeddable":true,"href":"https:\/\/linitiative.ca\/International\/wp-json\/wp\/v2\/users\/1743"}],"replies":[{"embeddable":true,"href":"https:\/\/linitiative.ca\/International\/wp-json\/wp\/v2\/comments?post=67477"}],"version-history":[{"count":0,"href":"https:\/\/linitiative.ca\/International\/wp-json\/wp\/v2\/posts\/67477\/revisions"}],"wp:featuredmedia":[{"embeddable":true,"href":"https:\/\/linitiative.ca\/International\/wp-json\/"}],"wp:attachment":[{"href":"https:\/\/linitiative.ca\/International\/wp-json\/wp\/v2\/media?parent=67477"}],"wp:term":[{"taxonomy":"category","embeddable":true,"href":"https:\/\/linitiative.ca\/International\/wp-json\/wp\/v2\/categories?post=67477"},{"taxonomy":"post_tag","embeddable":true,"href":"https:\/\/linitiative.ca\/International\/wp-json\/wp\/v2\/tags?post=67477"}],"curies":[{"name":"wp","href":"https:\/\/api.w.org\/{rel}","templated":true}]}}