{"id":67481,"date":"2019-11-14T04:28:55","date_gmt":"2019-11-14T09:28:55","guid":{"rendered":"https:\/\/linitiative.ca\/International\/bejaia-campagne-daffichage-des-portraits-des-detenus\/"},"modified":"2019-11-14T04:28:55","modified_gmt":"2019-11-14T09:28:55","slug":"bejaia-campagne-daffichage-des-portraits-des-detenus","status":"publish","type":"post","link":"https:\/\/linitiative.ca\/International\/bejaia-campagne-daffichage-des-portraits-des-detenus\/","title":{"rendered":"B\u00e9ja\u00efa : \u00abCampagne\u00bb d\u2019affichage des portraits des d\u00e9tenus"},"content":{"rendered":"<h4 class=\"title-14\"\/>\n<div class=\"featured_image\"><img loading=\"lazy\" decoding=\"async\" width=\"1920\" height=\"1280\" src=\"https:\/\/www.elwatan.com\/wp-content\/uploads\/2019\/10\/5d5d3b2d209d4643929779.jpg\" class=\"attachment-post-thumbnail size-post-thumbnail wp-post-image\" alt=\"Alors que Lakhdar Bourega\u00e2 et Samir Benlarbi seront auditionn\u00e9s par le juge : Tenue des proc\u00e8s de six d\u00e9tenus d\u2019opinion\" srcset=\"https:\/\/www.elwatan.com\/wp-content\/uploads\/2019\/10\/5d5d3b2d209d4643929779.jpg 1920w, https:\/\/www.elwatan.com\/wp-content\/uploads\/2019\/10\/5d5d3b2d209d4643929779-300x200.jpg 300w, https:\/\/www.elwatan.com\/wp-content\/uploads\/2019\/10\/5d5d3b2d209d4643929779-768x512.jpg 768w, https:\/\/www.elwatan.com\/wp-content\/uploads\/2019\/10\/5d5d3b2d209d4643929779-1024x683.jpg 1024w, https:\/\/www.elwatan.com\/wp-content\/uploads\/2019\/10\/5d5d3b2d209d4643929779-1320x880.jpg 1320w\" sizes=\"auto, (max-width: 1920px) 100vw, 1920px\"\/><\/div>\n<p>Le mouvement populaire continue \u00e0 cr\u00e9er ses propres moyens de protestation, refusant de sortir du cadre pacifique qu\u2019il s\u2019impose r\u00e9solument depuis son tout d\u00e9but.<\/p>\n<p>Pour signifier le rejet de l\u2019\u00e9lection pr\u00e9sidentielle programm\u00e9e pour le 12 d\u00e9cembre prochain, des citoyens ont investi les panneaux d\u2019affichage destin\u00e9s aux candidats des prochaines \u00e9lections, non pour les d\u00e9monter o\u00f9 les saccager mais pour y afficher les portraits des d\u00e9tenus du mouvement.<\/p>\n<p>L\u2019initiative est observ\u00e9e \u00e0 Kherrata et dans la ville de B\u00e9ja\u00efa, pr\u00e9cis\u00e9ment au quartier populeux d\u2019Ihaddaden et il n\u2019est pas exclu qu\u2019elle soit appliqu\u00e9e ailleurs. Cette action tend en tout cas \u00e0 faire tache d\u2019huile \u00e0 mesure que la date du 12 d\u00e9cembre approche. La \u00abcampagne\u00bb d\u2019affichage des portraits des d\u00e9tenus a donc commenc\u00e9.<\/p>\n<p>C\u2019est un moyen pacifique tout trouv\u00e9 pour faire passer deux messages\u00a0: rejet des \u00e9lections et solidarit\u00e9 ind\u00e9fectible avec tous les d\u00e9tenus du mouvement populaire dont on revendique la lib\u00e9ration.<\/p>\n<p>Ce sont deux mots d\u2019ordre partag\u00e9s par les dizaines de milliers de manifestants lors des derni\u00e8res marches o\u00f9 des portraits des d\u00e9tenus sont brandis en nombre. Cette fois-ci ces portraits trouvent bonne place sur d\u2019anciens panneaux d\u2019affichage, les autorit\u00e9s n\u2019ayant pas fait installer de nouveaux ou partager ceux qui existent au nombre des cinq candidats retenus.<\/p>\n<p>Trois jours avant le d\u00e9but pr\u00e9vu de l\u2019improbable campagne \u00e9lectorale, rien n\u2019indique qu\u2019elles le feront. Tout cela est extr\u00eamement complexe, du moins en Kabylie, r\u00e9gion dont sont issus la grande majorit\u00e9 des d\u00e9tenus arr\u00eat\u00e9s lors des marches populaires. Rien n\u2019indique aussi que les directions de campagne s\u2019engageront sur le terrain. Le contexte est tel, que toute campagne d\u2019affichage des portraits des candidats est d\u2019ores et d\u00e9j\u00e0 vou\u00e9e \u00e0 l\u2019\u00e9chec.<\/p>\n<p>Le traditionnel ph\u00e9nom\u00e8ne d\u2019arrachage des affiches, qui est pass\u00e9 dans les m\u0153urs populaires, est certain et prendra cette fois-ci un tout autre sens. Outre cette impossibilit\u00e9 pratique, le \u00abg\u00e9nie\u00bb populaire a donc trouv\u00e9 le moyen de se servir des propres \u00abarmes\u00bb des organisateurs des \u00e9lections.<\/p>\n<p>L\u2019administration pr\u00e9pare le rendez-vous \u00e9lectoral dans une discr\u00e9tion totale. Au moindre indice de mouvement pro-\u00e9lections, il se trouve syst\u00e9matiquement des citoyens qui r\u00e9agissent promptement en prenant pour cible des personnes ou des espaces concern\u00e9s.<\/p>\n<p>Cet \u00e9tat d\u2019alerte s\u2019est confirm\u00e9 il y a quelques jours, lorsque le si\u00e8ge du RND a re\u00e7u la visite de citoyens alert\u00e9s par la pr\u00e9sence de ce qu\u2019ils ont suppos\u00e9 \u00eatre une d\u00e9l\u00e9gation venue d\u2019Alger pour installer le comit\u00e9 de campagne du candidat Azzedine Mihoubi. Le si\u00e8ge a \u00e9t\u00e9 ferm\u00e9 depuis et garde des graffitis hostiles au rendez-vous du 12 d\u00e9cembre.<\/p>\n<p>La m\u00eame r\u00e9action a amen\u00e9 des citoyens \u00e0 observer des sit-in r\u00e9p\u00e9t\u00e9s devant le bureau des \u00e9lections de la commune de B\u00e9ja\u00efa, soup\u00e7onnant les services communaux de s\u2019affairer aux pr\u00e9paratifs \u00e9lectoraux. La protestation n\u2019a cess\u00e9 qu\u2019une fois que les manifestants ont obtenu des \u00e9lus locaux un engagement sign\u00e9 de ne pas s\u2019impliquer dans le scrutin.<\/p>\n<p>Sur 33 \u00e9lus, six n\u2019ont cependant pas sign\u00e9. Cette nouvelle fa\u00e7on pacifique de s\u2019opposer \u00e0 la pr\u00e9sidentielle, en affichant les portraits des d\u00e9tenus, met l\u2019accent sur toute la difficult\u00e9 qui attend les partisans des \u00e9lections, notamment les candidats en lice, qui peinent \u00e0 installer leur dispositif de campagne sur un terrain hostile.<\/p>\n<p>Il y a trois jours, lorsque la direction de campagne du candidat Abdelmadjid Tebboune a confirm\u00e9 la liste de l\u2019\u00e9quipe qui la repr\u00e9sentera \u00e0 B\u00e9ja\u00efa, un v\u00e9ritable lynchage s\u2019est d\u00e9clench\u00e9 sur les r\u00e9seaux sociaux. Douze personnes, dont des \u00e9lus, sont dans cette \u00e9quipe de campagne. L\u2019appartenance au FLN de certains d\u2019entre eux confirme le soutien de l\u2019ex-parti unique au candidat Tebboune.<\/p>\n<p>La liste est inaugur\u00e9e par le nom de Samira Makhloufi, \u00e9lue FLN et pr\u00e9sidente d\u2019une commission \u00e0 l\u2019APW. Son implication dans les \u00e9lections a mis mal \u00e0 l\u2019aise le FFS, qui a la majorit\u00e9 dans l\u2019Assembl\u00e9e populaire de wilaya, lequel venait d\u2019observer, dans la diversit\u00e9 de sa composante, un sit-in pour dire son rejet des \u00e9lections prochaines. Mais la g\u00eane est plut\u00f4t provoqu\u00e9e par l\u2019alliance que le FFS a contract\u00e9e avec le FLN au sein de l\u2019Assembl\u00e9e.<\/p>\n<p>\u00abChacun assumera ses responsabilit\u00e9s\u00bb, a r\u00e9agi le pr\u00e9sident de l\u2019APW. L\u2019\u00e9lue n\u2019a pas ressenti le besoin de r\u00e9agir de son c\u00f4t\u00e9. \u00abJe pr\u00e9f\u00e8re ne pas faire de commentaire\u00bb, nous a-t-elle r\u00e9pondu.<\/p>\n<p><span class=\"post-views-label\">Post Views:<\/span> <span class=\"post-views-count\">2\u00a0530<\/span><\/p>\n<p><br class=\"c2\"\/><br \/>\nAuteur: Hicham Chouadria<br \/>\n<a href=\"https:\/\/www.elwatan.com\/edition\/actualite\/bejaia-campagne-daffichage-des-portraits-des-detenus-14-11-2019\">Cliquez ici pour lire l&rsquo;article depuis sa source.<\/a><\/p>\n","protected":false},"excerpt":{"rendered":"<p>Le mouvement populaire continue \u00e0 cr\u00e9er ses propres moyens de protestation, refusant de sortir du cadre pacifique qu\u2019il s\u2019impose r\u00e9solument depuis son tout d\u00e9but. Pour signifier le rejet de l\u2019\u00e9lection pr\u00e9sidentielle programm\u00e9e pour le 12 d\u00e9cembre prochain, des citoyens ont investi les panneaux d\u2019affichage destin\u00e9s aux candidats des prochaines \u00e9lections, non pour les d\u00e9monter o\u00f9 [&hellip;]<\/p>\n","protected":false},"author":1743,"featured_media":67482,"comment_status":"closed","ping_status":"closed","sticky":false,"template":"","format":"standard","meta":{"fifu_image_url":"","fifu_image_alt":"","footnotes":""},"categories":[73,53],"tags":[],"class_list":["post-67481","post","type-post","status-publish","format-standard","has-post-thumbnail","hentry","category-actualite","category-algerie"],"_links":{"self":[{"href":"https:\/\/linitiative.ca\/International\/wp-json\/wp\/v2\/posts\/67481","targetHints":{"allow":["GET"]}}],"collection":[{"href":"https:\/\/linitiative.ca\/International\/wp-json\/wp\/v2\/posts"}],"about":[{"href":"https:\/\/linitiative.ca\/International\/wp-json\/wp\/v2\/types\/post"}],"author":[{"embeddable":true,"href":"https:\/\/linitiative.ca\/International\/wp-json\/wp\/v2\/users\/1743"}],"replies":[{"embeddable":true,"href":"https:\/\/linitiative.ca\/International\/wp-json\/wp\/v2\/comments?post=67481"}],"version-history":[{"count":0,"href":"https:\/\/linitiative.ca\/International\/wp-json\/wp\/v2\/posts\/67481\/revisions"}],"wp:featuredmedia":[{"embeddable":true,"href":"https:\/\/linitiative.ca\/International\/wp-json\/"}],"wp:attachment":[{"href":"https:\/\/linitiative.ca\/International\/wp-json\/wp\/v2\/media?parent=67481"}],"wp:term":[{"taxonomy":"category","embeddable":true,"href":"https:\/\/linitiative.ca\/International\/wp-json\/wp\/v2\/categories?post=67481"},{"taxonomy":"post_tag","embeddable":true,"href":"https:\/\/linitiative.ca\/International\/wp-json\/wp\/v2\/tags?post=67481"}],"curies":[{"name":"wp","href":"https:\/\/api.w.org\/{rel}","templated":true}]}}