{"id":67483,"date":"2019-11-14T04:30:48","date_gmt":"2019-11-14T09:30:48","guid":{"rendered":"https:\/\/linitiative.ca\/International\/rassemblements-et-marches-pro-election-perturbes-a-annaba-laghouat-et-tindouf-une-precampagne-sous-tension\/"},"modified":"2019-11-14T04:30:48","modified_gmt":"2019-11-14T09:30:48","slug":"rassemblements-et-marches-pro-election-perturbes-a-annaba-laghouat-et-tindouf-une-precampagne-sous-tension","status":"publish","type":"post","link":"https:\/\/linitiative.ca\/International\/rassemblements-et-marches-pro-election-perturbes-a-annaba-laghouat-et-tindouf-une-precampagne-sous-tension\/","title":{"rendered":"Rassemblements et marches \u00abpro-\u00e9lection\u00bb perturb\u00e9s \u00e0 Annaba, Laghouat et Tindouf  : Une pr\u00e9campagne sous tension"},"content":{"rendered":"<h4 class=\"title-14\"\/>\n<div class=\"featured_image\"><img loading=\"lazy\" decoding=\"async\" width=\"800\" height=\"368\" src=\"https:\/\/www.elwatan.com\/wp-content\/uploads\/2019\/11\/75478406_541148720051765_2042551790162935808_n-e1573689398183.jpg\" class=\"attachment-post-thumbnail size-post-thumbnail wp-post-image\" alt=\"\"\/><span class=\"featured-image-caption\">Une marche de soutien aux \u00e9lections contr\u00e9e par un rassemblement des militants du hirak \u00e0 Annaba (Photo : EL WATAN)<\/span><\/div>\n<p>La campagne \u00e9lectorale pour l\u2019\u00e9lection pr\u00e9sidentielle du 12 d\u00e9cembre ne va s\u00fbrement pas se d\u00e9rouler dans des conditions normales.<\/p>\n<p>Ce qui s\u2019est pass\u00e9, hier, \u00e0 Laghouat mais surtout \u00e0 Annaba, et la veille \u00e0 Tindouf, donne un aper\u00e7u sur le climat qui va caract\u00e9riser cette campagne qui doit d\u00e9buter ce 17 novembre.<\/p>\n<p>A Annaba, des citoyens ont voulu marcher, au niveau du Cours de la R\u00e9volution, pour exprimer leur soutien au rendez-vous \u00e9lectoral et \u00e0 l\u2019institution militaire.<\/p>\n<p>Ceux du hirak, qui contestent cette \u00e9lection, se sont dirig\u00e9s vers les lieux pour faire entendre leur voix. A un certain moment, la situation \u00e9tait m\u00eame tendue. Des d\u00e9fenseurs des droits de l\u2019homme ont annonc\u00e9 une trentaine d\u2019arrestations parmi les \u00abanti-\u00e9lection\u00bb.<\/p>\n<p>La m\u00eame chose a eu \u00e9galement lieu \u00e0 Laghouat o\u00f9 des \u00abmanifestants du vendredi\u00bb se sont d\u00e9plac\u00e9s vers une des placettes de la ville pour \u00abharanguer\u00bb quelques dizaines de personnes qui avaient organis\u00e9 un rassemblement pour soutenir l\u2019\u00e9lection.<\/p>\n<p>La veille, \u00e0 Tindouf,\u00a0le candidat Abdelkader Bengrina, venu animer un meeting pr\u00e9\u00e9lectoral, a \u00e9t\u00e9 hu\u00e9 \u00e0 sa sortie d\u2019une salle. Il y a plusieurs jours, c\u2019\u00e9tait Ali Benflis, un autre candidat, qui avait subi la m\u00eame chose \u00e0 Alger, \u00e0 sa sortie d\u2019un restaurant.<\/p>\n<p>M\u00eame si le gouvernement se montre confiant quant au bon d\u00e9roulement de la campagne \u00e9lectorale, il est clair aujourd\u2019hui que les choses risquent de ne pas se passer \u00abcomme pr\u00e9vu\u00bb. Au fur et \u00e0 mesure que la date de l\u2019\u00e9lection approche, la tension monte, et des incidents ne sont pas \u00e0 \u00e9carter.<\/p>\n<p>L\u2019organisation de marches \u00abpro-\u00e9lection\u00bb exacerbe aussi des citoyens qui, dans beaucoup de cas, rep\u00e8rent des soutiens de l\u2019ancien r\u00e9gime. Dans plusieurs de ces manifestations, il y a des banderoles d\u2019organisations dites de la famille r\u00e9volutionnaire par exemple, celles-l\u00e0 m\u00eame qui \u00e9taient \u00e0 la disposition du Pr\u00e9sident d\u00e9chu.<\/p>\n<p>Il est fort \u00e0 parier que cette tendance des jeunes du hirak \u00e0 vouloir se d\u00e9placer vers les lieux o\u00f9 se tiennent des actions des partisans de l\u2019\u00e9lection va s\u2019installer dans le temps.<\/p>\n<p>Par ailleurs, des citoyens tentent d\u2019imaginer d\u2019autres moyens de contestation. Ainsi, par exemple, l\u2019appel pour le collage des photos des d\u00e9tenus du hirak sur les panneaux consacr\u00e9s \u00e0 la campagne \u00e9lectorale, a commenc\u00e9 \u00e0 trouver un \u00e9cho favorable au niveau de certaines localit\u00e9s, comme c\u2019est le cas \u00e0 B\u00e9ja\u00efa.<\/p>\n<p>Comment les cinq candidats comptent-ils donc mener leurs campagnes \u00e9lectorales respectives dans ce climat\u00a0? Certains d\u2019entre eux envisagent d\u00e8s \u00e0 pr\u00e9sent de r\u00e9duire au maximum leur pr\u00e9sence sur le terrain. L\u2019un des responsables de la campagne du candidat Abdelmadjid Tebboune a indiqu\u00e9 que la priorit\u00e9 a \u00e9t\u00e9 donn\u00e9e aux r\u00e9seaux sociaux, moyen de promotion pr\u00e9f\u00e9r\u00e9, d\u2019apr\u00e8s lui, aux panneaux d\u2019affichage.<\/p>\n<p>De m\u00eame pour les meetings. Il est clair que leur nombre sera \u00e9galement r\u00e9duit, se contentant de quelques-uns qui se d\u00e9rouleront certainement sous surveillance polici\u00e8re.<\/p>\n<p>D\u2019autant plus que la contestation de cette \u00e9lection n\u2019est pas seulement localis\u00e9e dans les grands centres urbains, puisque elle touche m\u00eame les coins les plus recul\u00e9s du pays.<\/p>\n<p>Les prochains jours risquent donc d\u2019\u00eatre tr\u00e8s \u00e9lectriques et les Alg\u00e9riens assisteront certainement \u00e0 une campagne \u00e9lectorale extr\u00eamement \u00abanim\u00e9e\u00bb\u2026<\/p>\n<p><span class=\"post-views-label\">Post Views:<\/span> <span class=\"post-views-count\">6\u00a0969<\/span><\/p>\n<p><br class=\"c2\"\/><br \/>\nAuteur: Hicham Chouadria<br \/>\n<a href=\"https:\/\/www.elwatan.com\/a-la-une\/rassemblements-et-marches-pro-election-perturbes-a-annaba-laghouat-et-tindouf-une-precampagne-sous-tension-14-11-2019\">Cliquez ici pour lire l&rsquo;article depuis sa source.<\/a><\/p>\n","protected":false},"excerpt":{"rendered":"<p>Une marche de soutien aux \u00e9lections contr\u00e9e par un rassemblement des militants du hirak \u00e0 Annaba (Photo : EL WATAN) La campagne \u00e9lectorale pour l\u2019\u00e9lection pr\u00e9sidentielle du 12 d\u00e9cembre ne va s\u00fbrement pas se d\u00e9rouler dans des conditions normales. Ce qui s\u2019est pass\u00e9, hier, \u00e0 Laghouat mais surtout \u00e0 Annaba, et la veille \u00e0 Tindouf, [&hellip;]<\/p>\n","protected":false},"author":1743,"featured_media":67484,"comment_status":"closed","ping_status":"closed","sticky":false,"template":"","format":"standard","meta":{"fifu_image_url":"","fifu_image_alt":"","footnotes":""},"categories":[73,53],"tags":[],"class_list":["post-67483","post","type-post","status-publish","format-standard","has-post-thumbnail","hentry","category-actualite","category-algerie"],"_links":{"self":[{"href":"https:\/\/linitiative.ca\/International\/wp-json\/wp\/v2\/posts\/67483","targetHints":{"allow":["GET"]}}],"collection":[{"href":"https:\/\/linitiative.ca\/International\/wp-json\/wp\/v2\/posts"}],"about":[{"href":"https:\/\/linitiative.ca\/International\/wp-json\/wp\/v2\/types\/post"}],"author":[{"embeddable":true,"href":"https:\/\/linitiative.ca\/International\/wp-json\/wp\/v2\/users\/1743"}],"replies":[{"embeddable":true,"href":"https:\/\/linitiative.ca\/International\/wp-json\/wp\/v2\/comments?post=67483"}],"version-history":[{"count":0,"href":"https:\/\/linitiative.ca\/International\/wp-json\/wp\/v2\/posts\/67483\/revisions"}],"wp:featuredmedia":[{"embeddable":true,"href":"https:\/\/linitiative.ca\/International\/wp-json\/"}],"wp:attachment":[{"href":"https:\/\/linitiative.ca\/International\/wp-json\/wp\/v2\/media?parent=67483"}],"wp:term":[{"taxonomy":"category","embeddable":true,"href":"https:\/\/linitiative.ca\/International\/wp-json\/wp\/v2\/categories?post=67483"},{"taxonomy":"post_tag","embeddable":true,"href":"https:\/\/linitiative.ca\/International\/wp-json\/wp\/v2\/tags?post=67483"}],"curies":[{"name":"wp","href":"https:\/\/api.w.org\/{rel}","templated":true}]}}