{"id":67489,"date":"2019-11-14T11:45:00","date_gmt":"2019-11-14T16:45:00","guid":{"rendered":"https:\/\/linitiative.ca\/International\/apres-lelection-de-rached-ghannouchi-au-perchoir-its-politics-stupid\/"},"modified":"2019-11-14T11:45:00","modified_gmt":"2019-11-14T16:45:00","slug":"apres-lelection-de-rached-ghannouchi-au-perchoir-its-politics-stupid","status":"publish","type":"post","link":"https:\/\/linitiative.ca\/International\/apres-lelection-de-rached-ghannouchi-au-perchoir-its-politics-stupid\/","title":{"rendered":"Apr\u00e8s l&rsquo;\u00e9lection de Rached Ghannouchi au perchoir: \u00ab It\u2019s politics, Stupid \u00bb"},"content":{"rendered":"<p>24 heures apr\u00e8s l&rsquo;\u00e9lection du pr\u00e9sident de l&rsquo;ARP, et les circonstances qui l&rsquo;a entour\u00e9e, les Tunisiens y compris les observateurs les plus avis\u00e9s n\u2019en reviennent pas encore. Comment le mouvement Ennahdha et Kalb Toun\u00e8s ont os\u00e9 nouer une alliance \u00e0 la premi\u00e8re occasion qui s\u2019est pr\u00e9sent\u00e9e \u00e0 eux, \u00e0 savoir, la pr\u00e9sidence de l\u2019ARP alors que leurs dirigeants n\u2019avaient cess\u00e9 ces derniers mois et surtout pendant les \u00e9lections l\u00e9gislatives et pr\u00e9sidentielles de nous rebattre les oreilles\u00a0 avec leurs promesses d\u2019honorer leurs engagements sur ce point quoi qu&rsquo;il arrive.<\/p>\n<p>S\u2019en offusquer, c\u2019est faire preuve d\u2019une grande na\u00efvet\u00e9. C&rsquo;est oublier que la politique est amorale. Interrog\u00e9 par les journalistes apr\u00e8s son \u00e9lection au perchoir, Rached Ghannouchi a eu cette r\u00e9ponse : \u00ab il n\u2019y a que les imb\u00e9ciles qui ne changent pas d\u2019avis\u00bb. Une fois de plus, les Tunisiens sont les dindons de la farce. \u00ab It\u2019s politics, Stupid \u00bb.\u00a0\u00a0\u00a0\u00a0<\/p>\n<p>Auteur:<br \/>\n<a href=\"https:\/\/www.leaders.com.tn\/article\/28418-it-s-the-policy-stupid\">Cliquez ici pour lire l&rsquo;article depuis sa source.<\/a><\/p>\n","protected":false},"excerpt":{"rendered":"<p>24 heures apr\u00e8s l&rsquo;\u00e9lection du pr\u00e9sident de l&rsquo;ARP, et les circonstances qui l&rsquo;a entour\u00e9e, les Tunisiens y compris les observateurs les plus avis\u00e9s n\u2019en reviennent pas encore. Comment le mouvement Ennahdha et Kalb Toun\u00e8s ont os\u00e9 nouer une alliance \u00e0 la premi\u00e8re occasion qui s\u2019est pr\u00e9sent\u00e9e \u00e0 eux, \u00e0 savoir, la pr\u00e9sidence de l\u2019ARP alors [&hellip;]<\/p>\n","protected":false},"author":1772,"featured_media":0,"comment_status":"closed","ping_status":"closed","sticky":false,"template":"","format":"standard","meta":{"fifu_image_url":"","fifu_image_alt":"","footnotes":""},"categories":[73,55],"tags":[],"class_list":["post-67489","post","type-post","status-publish","format-standard","hentry","category-actualite","category-tunisie"],"_links":{"self":[{"href":"https:\/\/linitiative.ca\/International\/wp-json\/wp\/v2\/posts\/67489","targetHints":{"allow":["GET"]}}],"collection":[{"href":"https:\/\/linitiative.ca\/International\/wp-json\/wp\/v2\/posts"}],"about":[{"href":"https:\/\/linitiative.ca\/International\/wp-json\/wp\/v2\/types\/post"}],"author":[{"embeddable":true,"href":"https:\/\/linitiative.ca\/International\/wp-json\/wp\/v2\/users\/1772"}],"replies":[{"embeddable":true,"href":"https:\/\/linitiative.ca\/International\/wp-json\/wp\/v2\/comments?post=67489"}],"version-history":[{"count":0,"href":"https:\/\/linitiative.ca\/International\/wp-json\/wp\/v2\/posts\/67489\/revisions"}],"wp:attachment":[{"href":"https:\/\/linitiative.ca\/International\/wp-json\/wp\/v2\/media?parent=67489"}],"wp:term":[{"taxonomy":"category","embeddable":true,"href":"https:\/\/linitiative.ca\/International\/wp-json\/wp\/v2\/categories?post=67489"},{"taxonomy":"post_tag","embeddable":true,"href":"https:\/\/linitiative.ca\/International\/wp-json\/wp\/v2\/tags?post=67489"}],"curies":[{"name":"wp","href":"https:\/\/api.w.org\/{rel}","templated":true}]}}