{"id":67495,"date":"2019-11-14T05:00:00","date_gmt":"2019-11-14T10:00:00","guid":{"rendered":"https:\/\/linitiative.ca\/International\/3-trucs-pour-debarrasser-vos-chaussures-des-mauvaises-odeurs\/"},"modified":"2019-11-14T05:00:00","modified_gmt":"2019-11-14T10:00:00","slug":"3-trucs-pour-debarrasser-vos-chaussures-des-mauvaises-odeurs","status":"publish","type":"post","link":"https:\/\/linitiative.ca\/International\/3-trucs-pour-debarrasser-vos-chaussures-des-mauvaises-odeurs\/","title":{"rendered":"3 trucs pour d\u00ad\u00ad\u00e9barrasser vos chaussures des mauvaises odeurs"},"content":{"rendered":"<p><a href=\"\/periscoop\/tlemcen-pour-commencer-33320\"><\/p>\n<div class=\"image\">\n                    <img class=\"lazy\" data-original=\"\/data\/images\/article\/thumbs\/ls-tlemcen-pour-commencer-7fcb6.jpg\"\/><\/p>\n<p><span>1<\/span><\/p>\n<\/p><\/div>\n<p>            <\/a><\/p>\n<p class=\"type-date\"><span>P\u00e9riscoop<\/span> 11:00 | 10-11-2019<\/p>\n<p>            <a href=\"\/periscoop\/tlemcen-pour-commencer-33320\"><\/p>\n<h5 class=\"first-title\"\/><\/a><br \/>\n            <a href=\"\/periscoop\/tlemcen-pour-commencer-33320\"><\/p>\n<h5 class=\"title\">\n                Tlemcen pour commencer            <\/h5>\n<p>            <\/a><\/p>\n<p class=\"text\">C\u2019est \u00e0 partir de Tlemcen que le candidat Ali Benflis entamera sa campagne \u00e9lectorale, a-t-on appris de sources inform\u00e9es.La campagne, qui d\u00e9butera le 17 novembre prochain, m\u00e8nera le candidat Benflis dans\n<\/p>\n<p>Auteur:<br \/>\n<a href=\"https:\/\/www.lesoirdalgerie.com\/femme-magazine\/3-trucs-pour-d%C2%AD%C2%ADebarrasser-vos-chaussures-des-mauvaises-odeurs-33549\">Cliquez ici pour lire l&rsquo;article depuis sa source.<\/a><\/p>\n","protected":false},"excerpt":{"rendered":"<p>1 P\u00e9riscoop 11:00 | 10-11-2019 Tlemcen pour commencer C\u2019est \u00e0 partir de Tlemcen que le candidat Ali Benflis entamera sa campagne \u00e9lectorale, a-t-on appris de sources inform\u00e9es.La campagne, qui d\u00e9butera le 17 novembre prochain, m\u00e8nera le candidat Benflis dans Auteur: Cliquez ici pour lire l&rsquo;article depuis sa source.<\/p>\n","protected":false},"author":1741,"featured_media":0,"comment_status":"closed","ping_status":"closed","sticky":false,"template":"","format":"standard","meta":{"fifu_image_url":"","fifu_image_alt":"","footnotes":""},"categories":[73,53],"tags":[],"class_list":["post-67495","post","type-post","status-publish","format-standard","hentry","category-actualite","category-algerie"],"_links":{"self":[{"href":"https:\/\/linitiative.ca\/International\/wp-json\/wp\/v2\/posts\/67495","targetHints":{"allow":["GET"]}}],"collection":[{"href":"https:\/\/linitiative.ca\/International\/wp-json\/wp\/v2\/posts"}],"about":[{"href":"https:\/\/linitiative.ca\/International\/wp-json\/wp\/v2\/types\/post"}],"author":[{"embeddable":true,"href":"https:\/\/linitiative.ca\/International\/wp-json\/wp\/v2\/users\/1741"}],"replies":[{"embeddable":true,"href":"https:\/\/linitiative.ca\/International\/wp-json\/wp\/v2\/comments?post=67495"}],"version-history":[{"count":0,"href":"https:\/\/linitiative.ca\/International\/wp-json\/wp\/v2\/posts\/67495\/revisions"}],"wp:attachment":[{"href":"https:\/\/linitiative.ca\/International\/wp-json\/wp\/v2\/media?parent=67495"}],"wp:term":[{"taxonomy":"category","embeddable":true,"href":"https:\/\/linitiative.ca\/International\/wp-json\/wp\/v2\/categories?post=67495"},{"taxonomy":"post_tag","embeddable":true,"href":"https:\/\/linitiative.ca\/International\/wp-json\/wp\/v2\/tags?post=67495"}],"curies":[{"name":"wp","href":"https:\/\/api.w.org\/{rel}","templated":true}]}}