{"id":67496,"date":"2019-11-14T05:00:00","date_gmt":"2019-11-14T10:00:00","guid":{"rendered":"https:\/\/linitiative.ca\/International\/cake-aux-thon-et-capres\/"},"modified":"2019-11-14T05:00:00","modified_gmt":"2019-11-14T10:00:00","slug":"cake-aux-thon-et-capres","status":"publish","type":"post","link":"https:\/\/linitiative.ca\/International\/cake-aux-thon-et-capres\/","title":{"rendered":"Cake aux thon et c\u00e2pres"},"content":{"rendered":"<p><em><strong>1 tasse (250 ml) de farine, 3 gros \u0153ufs, 1\/2 tasse (125 ml) d&rsquo;huile, 1\/2 tasse (125 ml) de lait, 1 c. \u00e0 c. de levure chimique, 3 c. \u00e0 soupe de c\u00e2pres, 1 grosse bo\u00eete de thon, 1\/2 botte de persil, 100 g de fromage r\u00e2p\u00e9\u00a0<\/strong><\/em><\/p>\n<p>Pr\u00e9chauffez le four \u00e0 thermostat 6 ou 180\u00b0C. M\u00e9langez dans un saladier la farine avec la levure. M\u00e9langez dans un autre saladier le lait, l&rsquo;huile, les \u0153ufs. Incorporez d\u00e9licatement le persil, le thon et le fromage. Versez le m\u00e9lange liquide (lait, huile, \u0153ufs, persil et fromage) sur le m\u00e9lange sec (farine et levure) et bien m\u00e9langer pendant environ 1 min. Beurrez un moule \u00e0 cake et versez-y la pr\u00e9paration. Faites cuire 30 \u00e0 45 mn au four thermostat 6 ou 180\u00b0C. Apr\u00e8s 35 min, v\u00e9rifiez la cuisson avec la pointe d&rsquo;un couteau. Laissez ti\u00e9dir avant le d\u00e9moulage puis d\u00e9gustez.<\/p>\n<p>Auteur:<br \/>\n<a href=\"https:\/\/www.lesoirdalgerie.com\/femme-magazine\/cake-aux-thon-et-capres-33548\">Cliquez ici pour lire l&rsquo;article depuis sa source.<\/a><\/p>\n","protected":false},"excerpt":{"rendered":"<p>1 tasse (250 ml) de farine, 3 gros \u0153ufs, 1\/2 tasse (125 ml) d&rsquo;huile, 1\/2 tasse (125 ml) de lait, 1 c. \u00e0 c. de levure chimique, 3 c. \u00e0 soupe de c\u00e2pres, 1 grosse bo\u00eete de thon, 1\/2 botte de persil, 100 g de fromage r\u00e2p\u00e9\u00a0 Pr\u00e9chauffez le four \u00e0 thermostat 6 ou 180\u00b0C. [&hellip;]<\/p>\n","protected":false},"author":1741,"featured_media":0,"comment_status":"closed","ping_status":"closed","sticky":false,"template":"","format":"standard","meta":{"fifu_image_url":"","fifu_image_alt":"","footnotes":""},"categories":[73,53],"tags":[],"class_list":["post-67496","post","type-post","status-publish","format-standard","hentry","category-actualite","category-algerie"],"_links":{"self":[{"href":"https:\/\/linitiative.ca\/International\/wp-json\/wp\/v2\/posts\/67496","targetHints":{"allow":["GET"]}}],"collection":[{"href":"https:\/\/linitiative.ca\/International\/wp-json\/wp\/v2\/posts"}],"about":[{"href":"https:\/\/linitiative.ca\/International\/wp-json\/wp\/v2\/types\/post"}],"author":[{"embeddable":true,"href":"https:\/\/linitiative.ca\/International\/wp-json\/wp\/v2\/users\/1741"}],"replies":[{"embeddable":true,"href":"https:\/\/linitiative.ca\/International\/wp-json\/wp\/v2\/comments?post=67496"}],"version-history":[{"count":0,"href":"https:\/\/linitiative.ca\/International\/wp-json\/wp\/v2\/posts\/67496\/revisions"}],"wp:attachment":[{"href":"https:\/\/linitiative.ca\/International\/wp-json\/wp\/v2\/media?parent=67496"}],"wp:term":[{"taxonomy":"category","embeddable":true,"href":"https:\/\/linitiative.ca\/International\/wp-json\/wp\/v2\/categories?post=67496"},{"taxonomy":"post_tag","embeddable":true,"href":"https:\/\/linitiative.ca\/International\/wp-json\/wp\/v2\/tags?post=67496"}],"curies":[{"name":"wp","href":"https:\/\/api.w.org\/{rel}","templated":true}]}}