{"id":67501,"date":"2019-11-14T11:58:56","date_gmt":"2019-11-14T16:58:56","guid":{"rendered":"https:\/\/linitiative.ca\/International\/cri-six-nouveaux-directeurs-nommes\/"},"modified":"2019-11-14T11:58:56","modified_gmt":"2019-11-14T16:58:56","slug":"cri-six-nouveaux-directeurs-nommes","status":"publish","type":"post","link":"https:\/\/linitiative.ca\/International\/cri-six-nouveaux-directeurs-nommes\/","title":{"rendered":"CRI : six nouveaux directeurs nomm\u00e9s"},"content":{"rendered":"<p><strong>Le Conseil de gouvernement a nomm\u00e9, ce jeudi, 6 nouveaux directeurs de CRI.<\/strong><\/p>\n<div class=\"c10\"\/>\n<p>Une semaine apr\u00e8s avoir nomm\u00e9 les trois premiers directeurs des <strong>Centres R\u00e9gionaux d\u2019Investissements<\/strong> (CRI) nouvelle g\u00e9n\u00e9ration, le Conseil de gouvernement vient de d\u00e9voiler les noms de 6 autres directeurs.<\/p>\n<p>Il s\u2019agit de Marouane Abdela\u00e2ti nomm\u00e9 directeur du CRI de Souss Massa, Mohamed Sabiri (CRI de l\u2019Oriental), Yassine Tazi (CRI de F\u00e8s-Mekn\u00e8s), Mohamed Amine Bekkali (CRI de B\u00e9ni Mellal-Kh\u00e9nifra), Mounir Houari (CRI de Dakhla-Oued Eddahab) et Allal El Baz (CRI de Dra\u00e2-Tafilalet). Il reste donc 3 postes \u00e0 pourvoir\u00a0: ceux des <strong>directeurs<\/strong> des CRI de Rabat-Sal\u00e9-K\u00e9nitra, Guelmim-Oued Noun et La\u00e2youne-Sakia El Hamra. \u00a0\u00a0\u00a0<\/p>\n<p>Lire aussi : <a rel=\"noreferrer noopener\" aria-label=\"Qui est Salmane Belayachi, nouveau DG du CRI Casablanca-Settat ?\u00a0\u00a0\u00a0\u00a0\u00a0\u00a0 (s\u2019ouvre dans un nouvel onglet)\" href=\"https:\/\/www.challenge.ma\/video-qui-est-salmane-belayachi-nouveau-dg-du-cri-casablanca-settat-122792\/\" target=\"_blank\">Qui est Salmane Belayachi, nouveau DG du CRI Casablanca-Settat ?<\/a><\/p>\n<p>Pour rappel, le ministre de l\u2019Int\u00e9rieur, Abdelouafi Laftif, avait annonc\u00e9 lors de la rencontre organis\u00e9e par la CGEM sur le PLF 2020 que les premiers directeurs des Centres R\u00e9gionaux d\u2019Investissements nouvelle g\u00e9n\u00e9ration allaient \u00eatre nomm\u00e9s \u00e0 partir du jeudi 7 novembre 2019. Le ministre a pr\u00e9cis\u00e9 que ces <strong>CRI<\/strong> n\u2019auront plus la pr\u00e9rogative de d\u00e9livrer des d\u00e9rogations pour l\u2019immobilier.<\/p>\n<div class=\"c17\">\n<fieldset class=\"c16\">\n<legend><strong><span class=\"c11\">Challenge<\/span><span class=\"c12\">news<\/span><\/strong><\/legend>\n<div class=\"c15\">Le meilleur de Challenge s\u00e9lectionn\u00e9 par la r\u00e9daction :<\/p>\n<\/div>\n<\/fieldset>\n<\/div>\n<p>Auteur: challenge<br \/>\n<a href=\"https:\/\/www.challenge.ma\/cri-six-nouveaux-directeurs-nommes-123238\/\">Cliquez ici pour lire l&rsquo;article depuis sa source.<\/a><\/p>\n","protected":false},"excerpt":{"rendered":"<p>Le Conseil de gouvernement a nomm\u00e9, ce jeudi, 6 nouveaux directeurs de CRI. Une semaine apr\u00e8s avoir nomm\u00e9 les trois premiers directeurs des Centres R\u00e9gionaux d\u2019Investissements (CRI) nouvelle g\u00e9n\u00e9ration, le Conseil de gouvernement vient de d\u00e9voiler les noms de 6 autres directeurs. Il s\u2019agit de Marouane Abdela\u00e2ti nomm\u00e9 directeur du CRI de Souss Massa, Mohamed [&hellip;]<\/p>\n","protected":false},"author":1787,"featured_media":0,"comment_status":"closed","ping_status":"closed","sticky":false,"template":"","format":"standard","meta":{"fifu_image_url":"","fifu_image_alt":"","footnotes":""},"categories":[78,54],"tags":[],"class_list":["post-67501","post","type-post","status-publish","format-standard","hentry","category-economie","category-maroc"],"_links":{"self":[{"href":"https:\/\/linitiative.ca\/International\/wp-json\/wp\/v2\/posts\/67501","targetHints":{"allow":["GET"]}}],"collection":[{"href":"https:\/\/linitiative.ca\/International\/wp-json\/wp\/v2\/posts"}],"about":[{"href":"https:\/\/linitiative.ca\/International\/wp-json\/wp\/v2\/types\/post"}],"author":[{"embeddable":true,"href":"https:\/\/linitiative.ca\/International\/wp-json\/wp\/v2\/users\/1787"}],"replies":[{"embeddable":true,"href":"https:\/\/linitiative.ca\/International\/wp-json\/wp\/v2\/comments?post=67501"}],"version-history":[{"count":0,"href":"https:\/\/linitiative.ca\/International\/wp-json\/wp\/v2\/posts\/67501\/revisions"}],"wp:attachment":[{"href":"https:\/\/linitiative.ca\/International\/wp-json\/wp\/v2\/media?parent=67501"}],"wp:term":[{"taxonomy":"category","embeddable":true,"href":"https:\/\/linitiative.ca\/International\/wp-json\/wp\/v2\/categories?post=67501"},{"taxonomy":"post_tag","embeddable":true,"href":"https:\/\/linitiative.ca\/International\/wp-json\/wp\/v2\/tags?post=67501"}],"curies":[{"name":"wp","href":"https:\/\/api.w.org\/{rel}","templated":true}]}}