{"id":67502,"date":"2019-11-14T12:00:38","date_gmt":"2019-11-14T17:00:38","guid":{"rendered":"https:\/\/linitiative.ca\/International\/plf-2020-la-premiere-partie-adoptee-par-la-chambre-des-representants\/"},"modified":"2019-11-14T12:00:38","modified_gmt":"2019-11-14T17:00:38","slug":"plf-2020-la-premiere-partie-adoptee-par-la-chambre-des-representants","status":"publish","type":"post","link":"https:\/\/linitiative.ca\/International\/plf-2020-la-premiere-partie-adoptee-par-la-chambre-des-representants\/","title":{"rendered":"PLF 2020 : la premi\u00e8re partie adopt\u00e9e par la Chambre des repr\u00e9sentants"},"content":{"rendered":"<p><strong>Le projet de loi de finances 2020 propose une s\u00e9rie de mesures visant \u00e0 stimuler les investissements, particuli\u00e8rement la r\u00e9vision \u00e0 la baisse de l\u2019imp\u00f4t sur les soci\u00e9t\u00e9s.<\/strong><\/p>\n<div class=\"c10\"\/>\n<p>La <strong>Chambre des repr\u00e9sentants<\/strong> a adopt\u00e9, jeudi en s\u00e9ance pl\u00e9ni\u00e8re, la premi\u00e8re partie du projet de loi des finances (PLF 2020). Le texte a re\u00e7u l\u2019aval de 168 d\u00e9put\u00e9s et a \u00e9t\u00e9 rejet\u00e9 par 71 autres. Durant la discussion du texte, les groupes et le groupement parlementaires avaient pr\u00e9sent\u00e9 270 amendements \u00e0 introduire sur le PLF. Le gouvernement a interagi positivement avec plusieurs propositions.<\/p>\n<p>Le <strong>projet de loi de finances 2020<\/strong> propose une s\u00e9rie de mesures visant \u00e0 stimuler les investissements, particuli\u00e8rement la r\u00e9vision \u00e0 la baisse de l\u2019imp\u00f4t sur les soci\u00e9t\u00e9s (IS) qui sera ramen\u00e9 de 31% \u00e0 28%, et la baisse progressive du taux de la cotisation minimale de 0,75% \u00e0 0,50%. Il s\u2019agit \u00e9galement de soutenir le pouvoir d\u2019achat des citoyens, en r\u00e9servant une enveloppe budg\u00e9taire de 26 milliards de DH et de subventionner les produits de premi\u00e8re n\u00e9cessit\u00e9 dans le cadre de la Caisse de compensation (14,6 milliards de DH).<\/p>\n<p>Lire aussi : <a href=\"https:\/\/www.challenge.ma\/plf-2020-voici-les-amendements-acceptes-par-la-commission-des-finances-123200\/\" target=\"_blank\" rel=\"noreferrer noopener\" aria-label=\" (s\u2019ouvre dans un nouvel onglet)\">PLF 2020 : voici les amendements accept\u00e9s par la commission des finances<\/a><\/p>\n<p>Le PLF pr\u00e9voit \u00e9galement une enveloppe de 91 milliards de DH consacr\u00e9e aux secteurs de l\u2019\u00e9ducation nationale, de la formation professionnelle, de l\u2019enseignement sup\u00e9rieur et de la sant\u00e9.<\/p>\n<div class=\"c17\">\n<fieldset class=\"c16\">\n<legend><strong><span class=\"c11\">Challenge<\/span><span class=\"c12\">news<\/span><\/strong><\/legend>\n<div class=\"c15\">Le meilleur de Challenge s\u00e9lectionn\u00e9 par la r\u00e9daction :<\/p>\n<\/div>\n<\/fieldset>\n<\/div>\n<p>Auteur: challenge<br \/>\n<a href=\"https:\/\/www.challenge.ma\/plf-2020-la-premiere-partie-adoptee-par-la-chambre-des-representants-123279\/\">Cliquez ici pour lire l&rsquo;article depuis sa source.<\/a><\/p>\n","protected":false},"excerpt":{"rendered":"<p>Le projet de loi de finances 2020 propose une s\u00e9rie de mesures visant \u00e0 stimuler les investissements, particuli\u00e8rement la r\u00e9vision \u00e0 la baisse de l\u2019imp\u00f4t sur les soci\u00e9t\u00e9s. La Chambre des repr\u00e9sentants a adopt\u00e9, jeudi en s\u00e9ance pl\u00e9ni\u00e8re, la premi\u00e8re partie du projet de loi des finances (PLF 2020). Le texte a re\u00e7u l\u2019aval de [&hellip;]<\/p>\n","protected":false},"author":1787,"featured_media":0,"comment_status":"closed","ping_status":"closed","sticky":false,"template":"","format":"standard","meta":{"fifu_image_url":"","fifu_image_alt":"","footnotes":""},"categories":[78,54],"tags":[],"class_list":["post-67502","post","type-post","status-publish","format-standard","hentry","category-economie","category-maroc"],"_links":{"self":[{"href":"https:\/\/linitiative.ca\/International\/wp-json\/wp\/v2\/posts\/67502","targetHints":{"allow":["GET"]}}],"collection":[{"href":"https:\/\/linitiative.ca\/International\/wp-json\/wp\/v2\/posts"}],"about":[{"href":"https:\/\/linitiative.ca\/International\/wp-json\/wp\/v2\/types\/post"}],"author":[{"embeddable":true,"href":"https:\/\/linitiative.ca\/International\/wp-json\/wp\/v2\/users\/1787"}],"replies":[{"embeddable":true,"href":"https:\/\/linitiative.ca\/International\/wp-json\/wp\/v2\/comments?post=67502"}],"version-history":[{"count":0,"href":"https:\/\/linitiative.ca\/International\/wp-json\/wp\/v2\/posts\/67502\/revisions"}],"wp:attachment":[{"href":"https:\/\/linitiative.ca\/International\/wp-json\/wp\/v2\/media?parent=67502"}],"wp:term":[{"taxonomy":"category","embeddable":true,"href":"https:\/\/linitiative.ca\/International\/wp-json\/wp\/v2\/categories?post=67502"},{"taxonomy":"post_tag","embeddable":true,"href":"https:\/\/linitiative.ca\/International\/wp-json\/wp\/v2\/tags?post=67502"}],"curies":[{"name":"wp","href":"https:\/\/api.w.org\/{rel}","templated":true}]}}