{"id":67503,"date":"2019-11-14T15:41:39","date_gmt":"2019-11-14T20:41:39","guid":{"rendered":"https:\/\/linitiative.ca\/International\/nouvelle-organisation-pour-le-bureau-marocain-du-droit-dauteur\/"},"modified":"2019-11-14T15:41:39","modified_gmt":"2019-11-14T20:41:39","slug":"nouvelle-organisation-pour-le-bureau-marocain-du-droit-dauteur","status":"publish","type":"post","link":"https:\/\/linitiative.ca\/International\/nouvelle-organisation-pour-le-bureau-marocain-du-droit-dauteur\/","title":{"rendered":"Nouvelle organisation pour le Bureau marocain du droit d\u2019auteur"},"content":{"rendered":"<p><strong>Le Conseil de gouvernement, r\u00e9uni jeudi sous la pr\u00e9sidence du Chef du gouvernement, Sa\u00e2deddine El Otmani, a adopt\u00e9 le projet de loi n\u00b0 25.19 relatif au Bureau marocain du droit d\u2019auteur et des droits voisins.<\/strong><\/p>\n<div class=\"c10\"\/>\n<p>Ce projet de loi vise \u00e0 transformer le <strong>Bureau marocain du droit d\u2019auteur<\/strong>, cr\u00e9\u00e9 en vertu du d\u00e9cret 2.64.406 du 8 mars 1965, en une instance de gestion collective sous forme de personne morale soumise au droit public et jouissant de l\u2019autonomie financi\u00e8re.<\/p>\n<p>Le projet tend \u00e9galement \u00e0 consolider et \u00e0 renforcer les missions conf\u00e9r\u00e9es audit Bureau, en le dotant des m\u00e9canismes lui permettant de faire face aux changements et aux d\u00e9fis que conna\u00eet le secteur aux niveaux national et international. Il est \u00e9galement question de modernisation de ses m\u00e9thodes de gestion et de contribution \u00e0 l\u2019am\u00e9lioration de la situation financi\u00e8re et morale des artistes.<\/p>\n<p>Pour ce faire, le projet de loi pr\u00e9voit un certain nombre de nouveaut\u00e9s, notamment la mise en place de m\u00e9canismes de gouvernance, dont un conseil d\u2019administration habilit\u00e9 \u00e0 g\u00e9rer le Bureau, la stipulation du paiement par le Bureau des montants dus aux titulaires de droits dans les d\u00e9lais impartis et la cr\u00e9ation d\u2019une <strong>caisse sociale<\/strong> au profit des auteurs et des ayants droit voisins afin de leur permettre de b\u00e9n\u00e9ficier d\u2019un syst\u00e8me de couverture sociale.<\/p>\n<div class=\"c17\">\n<fieldset class=\"c16\">\n<legend><strong><span class=\"c11\">Challenge<\/span><span class=\"c12\">news<\/span><\/strong><\/legend>\n<div class=\"c15\">Le meilleur de Challenge s\u00e9lectionn\u00e9 par la r\u00e9daction :<\/p>\n<\/div>\n<\/fieldset>\n<\/div>\n<p>Auteur: challenge<br \/>\n<a href=\"https:\/\/www.challenge.ma\/nouvelle-organisation-pour-le-bureau-marocain-du-droit-dauteur-123286\/\">Cliquez ici pour lire l&rsquo;article depuis sa source.<\/a><\/p>\n","protected":false},"excerpt":{"rendered":"<p>Le Conseil de gouvernement, r\u00e9uni jeudi sous la pr\u00e9sidence du Chef du gouvernement, Sa\u00e2deddine El Otmani, a adopt\u00e9 le projet de loi n\u00b0 25.19 relatif au Bureau marocain du droit d\u2019auteur et des droits voisins. Ce projet de loi vise \u00e0 transformer le Bureau marocain du droit d\u2019auteur, cr\u00e9\u00e9 en vertu du d\u00e9cret 2.64.406 du [&hellip;]<\/p>\n","protected":false},"author":1787,"featured_media":0,"comment_status":"closed","ping_status":"closed","sticky":false,"template":"","format":"standard","meta":{"fifu_image_url":"","fifu_image_alt":"","footnotes":""},"categories":[78,54],"tags":[],"class_list":["post-67503","post","type-post","status-publish","format-standard","hentry","category-economie","category-maroc"],"_links":{"self":[{"href":"https:\/\/linitiative.ca\/International\/wp-json\/wp\/v2\/posts\/67503","targetHints":{"allow":["GET"]}}],"collection":[{"href":"https:\/\/linitiative.ca\/International\/wp-json\/wp\/v2\/posts"}],"about":[{"href":"https:\/\/linitiative.ca\/International\/wp-json\/wp\/v2\/types\/post"}],"author":[{"embeddable":true,"href":"https:\/\/linitiative.ca\/International\/wp-json\/wp\/v2\/users\/1787"}],"replies":[{"embeddable":true,"href":"https:\/\/linitiative.ca\/International\/wp-json\/wp\/v2\/comments?post=67503"}],"version-history":[{"count":0,"href":"https:\/\/linitiative.ca\/International\/wp-json\/wp\/v2\/posts\/67503\/revisions"}],"wp:attachment":[{"href":"https:\/\/linitiative.ca\/International\/wp-json\/wp\/v2\/media?parent=67503"}],"wp:term":[{"taxonomy":"category","embeddable":true,"href":"https:\/\/linitiative.ca\/International\/wp-json\/wp\/v2\/categories?post=67503"},{"taxonomy":"post_tag","embeddable":true,"href":"https:\/\/linitiative.ca\/International\/wp-json\/wp\/v2\/tags?post=67503"}],"curies":[{"name":"wp","href":"https:\/\/api.w.org\/{rel}","templated":true}]}}