{"id":67512,"date":"2019-11-14T16:25:36","date_gmt":"2019-11-14T21:25:36","guid":{"rendered":"https:\/\/linitiative.ca\/International\/tunisie-pourquoi-ghannouchi-veut-il-mettre-un-terme-au-tourisme-parlementaire\/"},"modified":"2019-11-14T16:25:36","modified_gmt":"2019-11-14T21:25:36","slug":"tunisie-pourquoi-ghannouchi-veut-il-mettre-un-terme-au-tourisme-parlementaire","status":"publish","type":"post","link":"https:\/\/linitiative.ca\/International\/tunisie-pourquoi-ghannouchi-veut-il-mettre-un-terme-au-tourisme-parlementaire\/","title":{"rendered":"Tunisie \u2013 Pourquoi Ghannouchi veut-il mettre un terme au \u00ab\u00a0tourisme parlementaire\u00a0\u00bb\u00a0?"},"content":{"rendered":"<div class=\"post-cont-in left relative\">\n<div class=\"swp_social_panel swp_horizontal_panel swp_flat_fresh swp_default_full_color swp_individual_full_color swp_other_full_color scale-100 scale-\" data-min-width=\"1100\" data-float-color=\"#ffffff\" data-float=\"none\" data-float-mobile=\"none\" data-transition=\"slide\">\n<div class=\"nc_tweetContainer swp_share_button total_shares total_sharesalt\"><span class=\"swp_count\">28 <span class=\"swp_label\">Partages<\/span><\/span><\/div>\n<\/div>\n<p>Le nouveau pr\u00e9sident de l\u2019ARP, Rached Ghannouchi, a annonc\u00e9, lors d\u2019un discours qu\u2019il a prononc\u00e9 apr\u00e8s l\u2019\u00e9lection de ses deux rempla\u00e7ants, qu\u2019il va falloir travailler dur, pour parachever la mise en place des institutions constitutionnelles, et qu\u2019il faut acc\u00e9l\u00e9rer l\u2019\u00e9tude du projet de loi de finance de 2020.<\/p>\n<div class=\"code-block code-block-1 c3\"><ins class=\"adsbygoogle c2\" data-ad-layout=\"in-article\" data-ad-format=\"fluid\" data-ad-client=\"ca-pub-2102118777505746\" data-ad-slot=\"7301775417\"\/> <\/div>\n<p>Sur un autre plan, Ghannouchi a annonc\u00e9 qu\u2019il allait falloir amender le r\u00e8glement interne de l\u2019ARP, notamment, pour mettre un terme au ph\u00e9nom\u00e8ne du \u00ab\u00a0tourisme parlementaire\u00a0\u00bb.<\/p>\n<div class=\"code-block code-block-2 c3\"><ins class=\"adsbygoogle c2\" data-ad-layout=\"in-article\" data-ad-format=\"fluid\" data-ad-client=\"ca-pub-2102118777505746\" data-ad-slot=\"7301775417\"\/> <\/div>\n<p>On dirait, bien, que Ghanouchi ait peur que les migrations des d\u00e9put\u00e9s entre les diff\u00e9rents partis, puissent aboutir \u00e0 la naissance d\u2019un bloc plus puissant que celui d\u2019Ennahdha\u00a0!<\/p>\n<p><strong>Que se passe-t-il en Tunisie?<\/strong><br \/>Nous expliquons sur notre <a href=\"https:\/\/www.youtube.com\/channel\/UCRzypVq0B_yBad5eGrwBx0Q?sub_confirmation=1\" target=\"_blank\" rel=\"noopener noreferrer\">cha\u00eene YouTube<\/a> . <a href=\"https:\/\/www.youtube.com\/channel\/UCRzypVq0B_yBad5eGrwBx0Q?sub_confirmation=1\" target=\"_blank\" rel=\"noopener noreferrer\">Abonnez-vous!<\/a><\/p>\n<div class=\"mvp-org-wrap mvp-org-logo\" itemprop=\"publisher\" itemscope=\"\" itemtype=\"https:\/\/schema.org\/Organization\"><img decoding=\"async\" src=\"https:\/\/www.tunisienumerique.com\/wp-content\/uploads\/2017\/02\/logo_tunisie_numerique.png\"\/><\/div>\n<div class=\"swp_social_panel swp_horizontal_panel swp_flat_fresh swp_default_full_color swp_individual_full_color swp_other_full_color scale-100 scale-\" data-min-width=\"1100\" data-float-color=\"#ffffff\" data-float=\"none\" data-float-mobile=\"none\" data-transition=\"slide\">\n<div class=\"nc_tweetContainer swp_share_button total_shares total_sharesalt\"><span class=\"swp_count\">28 <span class=\"swp_label\">Partages<\/span><\/span><\/div>\n<\/div>\n<div class=\"mvp-related-posts left relative\">\n<h4 class=\"post-header\"><span class=\"post-header\">Lire aussi<\/span><\/h4>\n<\/div>\n<\/div>\n<p>Auteur: LM<br \/>\n<a href=\"https:\/\/www.tunisienumerique.com\/tunisie-pourquoi-ghannouchi-veut-il-mettre-un-terme-au-tourisme-parlementaire\/\">Cliquez ici pour lire l&rsquo;article depuis sa source.<\/a><\/p>\n","protected":false},"excerpt":{"rendered":"<p>28 Partages Le nouveau pr\u00e9sident de l\u2019ARP, Rached Ghannouchi, a annonc\u00e9, lors d\u2019un discours qu\u2019il a prononc\u00e9 apr\u00e8s l\u2019\u00e9lection de ses deux rempla\u00e7ants, qu\u2019il va falloir travailler dur, pour parachever la mise en place des institutions constitutionnelles, et qu\u2019il faut acc\u00e9l\u00e9rer l\u2019\u00e9tude du projet de loi de finance de 2020. Sur un autre plan, Ghannouchi [&hellip;]<\/p>\n","protected":false},"author":1789,"featured_media":67513,"comment_status":"closed","ping_status":"closed","sticky":false,"template":"","format":"standard","meta":{"fifu_image_url":"","fifu_image_alt":"","footnotes":""},"categories":[73,55],"tags":[],"class_list":["post-67512","post","type-post","status-publish","format-standard","has-post-thumbnail","hentry","category-actualite","category-tunisie"],"_links":{"self":[{"href":"https:\/\/linitiative.ca\/International\/wp-json\/wp\/v2\/posts\/67512","targetHints":{"allow":["GET"]}}],"collection":[{"href":"https:\/\/linitiative.ca\/International\/wp-json\/wp\/v2\/posts"}],"about":[{"href":"https:\/\/linitiative.ca\/International\/wp-json\/wp\/v2\/types\/post"}],"author":[{"embeddable":true,"href":"https:\/\/linitiative.ca\/International\/wp-json\/wp\/v2\/users\/1789"}],"replies":[{"embeddable":true,"href":"https:\/\/linitiative.ca\/International\/wp-json\/wp\/v2\/comments?post=67512"}],"version-history":[{"count":0,"href":"https:\/\/linitiative.ca\/International\/wp-json\/wp\/v2\/posts\/67512\/revisions"}],"wp:featuredmedia":[{"embeddable":true,"href":"https:\/\/linitiative.ca\/International\/wp-json\/"}],"wp:attachment":[{"href":"https:\/\/linitiative.ca\/International\/wp-json\/wp\/v2\/media?parent=67512"}],"wp:term":[{"taxonomy":"category","embeddable":true,"href":"https:\/\/linitiative.ca\/International\/wp-json\/wp\/v2\/categories?post=67512"},{"taxonomy":"post_tag","embeddable":true,"href":"https:\/\/linitiative.ca\/International\/wp-json\/wp\/v2\/tags?post=67512"}],"curies":[{"name":"wp","href":"https:\/\/api.w.org\/{rel}","templated":true}]}}