{"id":67514,"date":"2019-11-14T15:29:16","date_gmt":"2019-11-14T20:29:16","guid":{"rendered":"https:\/\/linitiative.ca\/International\/suspension-des-operations-de-semafo-a-boungou\/"},"modified":"2019-11-14T15:29:16","modified_gmt":"2019-11-14T20:29:16","slug":"suspension-des-operations-de-semafo-a-boungou","status":"publish","type":"post","link":"https:\/\/linitiative.ca\/International\/suspension-des-operations-de-semafo-a-boungou\/","title":{"rendered":"SUSPENSION DES OPERATIONS DE SEMAFO A BOUNGOU"},"content":{"rendered":"<div class=\"stream-item stream-item-above-post-content\">\n<p><noscript><\/p>\n<p><a href=\"\/\/www3.smartadserver.com\/ac?jump=1&#038;nwid=2136&#038;siteid=240610&#038;pgname=rg&#038;fmtid=49046&#038;visit=m&#038;tmstp=[timestamp]&#038;out=nonrich\" target=\"_blank\" rel=\"noopener noreferrer\"><img decoding=\"async\" src=\"\/\/www3.smartadserver.com\/ac?out=nonrich&#038;nwid=2136&#038;siteid=240610&#038;pgname=rg&#038;fmtid=49046&#038;visit=m&#038;tmstp=[timestamp]\" border=\"0\" alt=\"\"\/><\/a><\/p>\n<p><\/noscript><\/div>\n<p class=\"c3\">Cela fait un peu plus d\u2019une semaine que le Burkina Faso subissait l\u2019une des pires attaques de son histoire. En effet, un convoi de la soci\u00e9t\u00e9 mini\u00e8re SEMAFO a \u00e9t\u00e9 la cible d\u2019une attaque d\u2019envergure qui aura officiellement co\u00fbt\u00e9 la vie \u00e0 une quarantaine de personnes. C\u2019\u00e9tait le 6 novembre dernier, dans la r\u00e9gion de l\u2019Est, plus exactement sur l\u2019axe Ouagarou-Boungou. Je n\u2019ai pas pu m\u2019emp\u00eacher d\u2019\u00e9craser des larmes d\u00e8s l\u2019annonce de cette\u00a0 triste nouvelle qui a plong\u00e9 tout le pays dans une stupeur \u00e0 nulle autre pareille. Je ne vais plus, ici, revenir sur la rumeur qui court et qui fait \u00e9tat de plusieurs employ\u00e9s de ladite mine port\u00e9s disparus. Pour le moins, je sais qu\u2019il y a des familles qui, jusqu\u2019\u00e0 l\u2019heure actuelle, sont sans nouvelles de leurs proches. Que faire\u00a0? C\u2019est la consternation qui se lit sur les visages. Il suffit de faire un tour \u00e0 Fada ou \u00e0 Boungou pour se rendre compte de la complexit\u00e9 de la situation, tant les gens sont d\u00e9sempar\u00e9s. Tout le monde s\u2019interroge sur les cons\u00e9quences de cette attaque. Ce qui est tout \u00e0 fait normal quand on sait que nombreux sont les jeunes qui gagnaient leur vie gr\u00e2ce \u00e0 l\u2019implantation de SEMAFO \u00e0 Boungou. Maintenant que la mine a d\u00e9cid\u00e9 de suspendre ses op\u00e9rations, que va-t-il se passer\u00a0? <em>That is the question<\/em>. En tout cas, il est clair \u00a0que beaucoup vont retourner au ch\u00f4mage avec tous les effets pervers qui vont avec. Il faut m\u00eame craindre que certains jeunes, compl\u00e8tement d\u00e9sesp\u00e9r\u00e9s, ne rejoignent les rangs des terroristes. Toute chose qui pourrait en rajouter \u00e0 la situation d\u00e9j\u00e0 tr\u00e8s complexe.<\/p>\n<p><strong>Il faut que le gouvernement prenne la mesure du p\u00e9ril<\/strong><\/p>\n<p><strong>\u00a0<\/strong><\/p>\n<p class=\"c3\">Certes, \u00e0 l\u2019issue d\u2019une audience avec le Premier ministre, Christophe Dabir\u00e9, le PDG de SEMAFO a laiss\u00e9 entendre que la mine ne fermerait pas d\u00e9finitivement. Ce qui laisse croire qu\u2019elle fonctionnera mais au ralenti. C\u2019est bien mais ce n\u2019est pas arriv\u00e9, pour reprendre une expression ch\u00e8re \u00e0 mes amis commer\u00e7ants de <em>Rood-wooko<\/em>. Pour moi, il faut que le gouvernement prenne la mesure du p\u00e9ril en faisant en sorte que la mine rouvre ses portes et qu\u2019elle reprenne au plus vite ses op\u00e9rations. Car, il y a va de l\u2019int\u00e9r\u00eat de notre \u00e9conomie qui, faut-il le rappeler, est d\u00e9j\u00e0 fortement \u00e9prouv\u00e9e. Et Dieu seul sait ce que SEMAFO, en plus des emplois qu\u2019elle cr\u00e9e pour les jeunes, apporte \u00e0 notre \u00e9conomie. Je ne suis pas en train de jeter des fleurs \u00e0 qui que ce soit. Ceux qui me connaissent bien, savent que ce n\u2019est pas mon dada. Moi, ce qui m\u2019int\u00e9resse au plus haut point, c\u2019est l\u2019int\u00e9r\u00eat du peuple burkinab\u00e8 qui, visiblement, ne sait plus \u00e0 quel saint se vouer. Et d\u2019ailleurs ne serait-ce pas une victoire pour les terroristes que de laisser SEMAFO suspendre ses op\u00e9rations\u00a0? J\u2019ai personnellement envie de r\u00e9pondre par l\u2019affirmative. Ne c\u00e9dons pas \u00e0 la peur\u00a0! Car, ma conviction est \u00e9tablie que le Burkina vaincra le terrorisme.<\/p>\n<p><strong><em>\u00ab\u00a0Le Fou\u00a0\u00bb<\/em><\/strong><\/p>\n<p>Auteur: Le Pays<br \/>\n<a href=\"http:\/\/lepays.bf\/suspension-des-operations-de-semafo-a-boungou\/\">Cliquez ici pour lire l&rsquo;article depuis sa source.<\/a><\/p>\n","protected":false},"excerpt":{"rendered":"<p>Cela fait un peu plus d\u2019une semaine que le Burkina Faso subissait l\u2019une des pires attaques de son histoire. En effet, un convoi de la soci\u00e9t\u00e9 mini\u00e8re SEMAFO a \u00e9t\u00e9 la cible d\u2019une attaque d\u2019envergure qui aura officiellement co\u00fbt\u00e9 la vie \u00e0 une quarantaine de personnes. C\u2019\u00e9tait le 6 novembre dernier, dans la r\u00e9gion de [&hellip;]<\/p>\n","protected":false},"author":1813,"featured_media":0,"comment_status":"closed","ping_status":"closed","sticky":false,"template":"","format":"standard","meta":{"fifu_image_url":"","fifu_image_alt":"","footnotes":""},"categories":[73,81],"tags":[],"class_list":["post-67514","post","type-post","status-publish","format-standard","hentry","category-actualite","category-burkina-faso"],"_links":{"self":[{"href":"https:\/\/linitiative.ca\/International\/wp-json\/wp\/v2\/posts\/67514","targetHints":{"allow":["GET"]}}],"collection":[{"href":"https:\/\/linitiative.ca\/International\/wp-json\/wp\/v2\/posts"}],"about":[{"href":"https:\/\/linitiative.ca\/International\/wp-json\/wp\/v2\/types\/post"}],"author":[{"embeddable":true,"href":"https:\/\/linitiative.ca\/International\/wp-json\/wp\/v2\/users\/1813"}],"replies":[{"embeddable":true,"href":"https:\/\/linitiative.ca\/International\/wp-json\/wp\/v2\/comments?post=67514"}],"version-history":[{"count":0,"href":"https:\/\/linitiative.ca\/International\/wp-json\/wp\/v2\/posts\/67514\/revisions"}],"wp:attachment":[{"href":"https:\/\/linitiative.ca\/International\/wp-json\/wp\/v2\/media?parent=67514"}],"wp:term":[{"taxonomy":"category","embeddable":true,"href":"https:\/\/linitiative.ca\/International\/wp-json\/wp\/v2\/categories?post=67514"},{"taxonomy":"post_tag","embeddable":true,"href":"https:\/\/linitiative.ca\/International\/wp-json\/wp\/v2\/tags?post=67514"}],"curies":[{"name":"wp","href":"https:\/\/api.w.org\/{rel}","templated":true}]}}