{"id":67518,"date":"2019-11-14T17:02:34","date_gmt":"2019-11-14T22:02:34","guid":{"rendered":"https:\/\/linitiative.ca\/International\/recrutement-de-volontaires-un-projet-muri-le-ministre-ousseni-compaore\/"},"modified":"2019-11-14T17:02:34","modified_gmt":"2019-11-14T22:02:34","slug":"recrutement-de-volontaires-un-projet-muri-le-ministre-ousseni-compaore","status":"publish","type":"post","link":"https:\/\/linitiative.ca\/International\/recrutement-de-volontaires-un-projet-muri-le-ministre-ousseni-compaore\/","title":{"rendered":"Recrutement de volontaires : \u00ab\u00a0Un projet m\u00fbri\u00a0\u00bb, le ministre Ouss\u00e9ni Compaor\u00e9"},"content":{"rendered":"<div class=\"td-post-featured-image\"><a href=\"https:\/\/i1.wp.com\/www.sidwaya.info\/wp-content\/uploads\/2019\/11\/1-34.jpg?fit=595%2C397&#038;ssl=1\" data-caption=\"\"><img loading=\"lazy\" decoding=\"async\" width=\"595\" height=\"397\" class=\"entry-thumb td-modal-image\" src=\"https:\/\/i1.wp.com\/www.sidwaya.info\/wp-content\/uploads\/2019\/11\/1-34.jpg?resize=595%2C397&#038;ssl=1\" srcset=\"https:\/\/i1.wp.com\/www.sidwaya.info\/wp-content\/uploads\/2019\/11\/1-34.jpg?w=595&#038;ssl=1 595w, https:\/\/i1.wp.com\/www.sidwaya.info\/wp-content\/uploads\/2019\/11\/1-34.jpg?resize=300%2C200&#038;ssl=1 300w\" sizes=\"auto, (max-width: 595px) 100vw, 595px\" alt=\"\" title=\"1\"\/><\/a><\/div>\n<p><strong>Le gouvernement a anim\u00e9, le jeudi 14 novembre 2019 \u00e0 Ouagadougou, une conf\u00e9rence de presse exclusivement consacr\u00e9e \u00e0 la situation s\u00e9curitaire.<\/strong><\/p>\n<p>Face aux attaques terroristes \u00e0 r\u00e9p\u00e9tition sur le sol burkinab\u00e8, le gouvernement fait des pieds et des mains pour garantir l\u2019int\u00e9grit\u00e9 du territoire national et assurer la s\u00e9curit\u00e9. C\u2019est ce qu\u2019a affirm\u00e9 le ministre de la S\u00e9curit\u00e9, Ouss\u00e9ni Compaor\u00e9, lors d\u2019une conf\u00e9rence de presse organis\u00e9e par l\u2019ex\u00e9cutif, le jeudi 14 novembre 2019 \u00e0 Ouagadougou. \u00ab\u00a0Les Burkinab\u00e8 ont, certes, des incertitudes, mais nous ne sommes pas d\u00e9sarm\u00e9s. Nous avons un peuple fort. Nous allons d\u00e9fendre notre territoire et l\u00e9guer l\u2019h\u00e9ritage de nos anc\u00eatres aux g\u00e9n\u00e9rations \u00e0 venir\u00a0\u00bb, a-t-il soutenu. Pour lui, la lutte ne saurait \u00eatre port\u00e9e par les Forces de d\u00e9fense et de s\u00e9curit\u00e9 (FDS) uniquement et chaque Burkinab\u00e8 \u00e0 \u00ab\u00a0l\u2019imp\u00e9rieux devoir\u00a0\u00bb de les soutenir. \u00ab\u00a0Personne ne fera reculer les Burkinab\u00e8. Nous irons chercher ces fauteurs de troubles o\u00f9 ils sont, m\u00eame s\u2019ils sont dans des trous\u00a0\u00bb, a-t-il d\u00e9clar\u00e9. Actualit\u00e9 oblige, l\u2019annonce du pr\u00e9sident du Faso, de recruter des volontaires pour d\u00e9fendre la patrie a \u00e9t\u00e9 le menu principal des \u00e9changes avec les journalistes. A entendre le ministre Compaor\u00e9, les services techniques des d\u00e9partements en charge de la question sont \u00e0 pied d\u2019\u0153uvre pour r\u00e9diger le d\u00e9cret y aff\u00e9rent.<\/p>\n<p>\u00ab\u00a0C\u2019est un projet m\u00fbri et non une d\u00e9cision prise \u00e0 la h\u00e2te. Les recrutements se feront dans un cadre l\u00e9gal, selon les instructions du chef de l\u2019Etat qui a entendu son peuple et a estim\u00e9 que le Burkinab\u00e8 \u00e0 le droit de se battre pour d\u00e9fendre sa d\u00e9mocratie, son droit \u00e0 la s\u00e9curit\u00e9 \u2026\u00a0\u00bb, a-t-il pr\u00e9cis\u00e9. Et de poursuivre que l\u2019op\u00e9ration n\u2019aura pas lieu sur l\u2019ensemble du territoire, mais dans les zones sous menace terroriste et selon des crit\u00e8res de bonne moralit\u00e9, d\u2019\u00e2ge, de lieu de r\u00e9sidence, notamment. Les Kogl-w\u00e9ogo, les dozo et les policiers et militaires radi\u00e9s seront-ils concern\u00e9s\u00a0? A cette question, le ministre de la S\u00e9curit\u00e9 s\u2019est voulu prudent\u00a0: \u00ab\u00a0s\u2019ils r\u00e9pondent aux crit\u00e8res qui seront d\u00e9termin\u00e9s dans le d\u00e9cret, ils pourront s\u2019enr\u00f4ler\u00a0\u00bb. En r\u00e9ponse \u00e0 une autre interrogation, Ouss\u00e9ni Compaor\u00e9 a fait savoir qu\u2019une fois enr\u00f4l\u00e9es, les populations qui ne seront pas aptes \u00e0 l\u2019emploi seront form\u00e9es. \u00ab\u00a0Il ne serait pas efficace de demander \u00e0 quelqu\u2019un de faire ce qu\u2019il ne sait pas faire\u00a0\u00bb, a-t-il not\u00e9.<\/p>\n<p><strong>S\u00e9curiser les sites miniers<\/strong><\/p>\n<p>De nombreux autres sujets en relation avec la s\u00e9curit\u00e9 ont \u00e9t\u00e9 abord\u00e9s dont l\u2019attaque de Boungou, la s\u00e9curit\u00e9 des commissariats de police et des brigades de gendarmerie, la question des 21 policiers membres d\u2019un syndicat de la police (APN) licenci\u00e9s, le dossier des 11 personnes d\u00e9c\u00e9d\u00e9es en d\u00e9tention \u00e0 la brigade des m\u0153urs et des stup\u00e9fiants et le cas des policiers qui ont d\u00e9sert\u00e9 la ville de Djibo. Sur ce dernier point, le chef du d\u00e9partement de la s\u00e9curit\u00e9 \u00e0 expliquer qu\u2019une proc\u00e9dure disciplinaire est en cours \u00e0 leur encontre. S\u2019agissant de la mort des 11 personnes en d\u00e9tention, foi du ministre, le procureur du Faso s\u2019est saisi du dossier, \u00e0 la suite d\u2019une enqu\u00eate administrative. A l\u2019entendre, une enqu\u00eate est en cours et d\u00e9terminera les failles du dispositif s\u00e9curitaire qui convoyait les travailleurs de la mine de SEMAFO. D\u00e9j\u00e0, a-t-il promis, des mesures sont prises pour renforcer la s\u00e9curit\u00e9 des autres convois et celle des sites miniers.<\/p>\n<p>Concernant la s\u00e9curit\u00e9 des commissariats et brigades de gendarmerie, M. Compaor\u00e9 a reconnu qu\u2019ils ne sont pas bien prot\u00e9g\u00e9s, pr\u00e9cisant que des efforts sont faits pour construire des murs avec des barbel\u00e9s par endroit. Sur le licenciement des 21 policiers de l\u2019APN, le ministre a fait savoir que le syndicat n\u2019a aucune existence juridique, puisque ne disposant pas de r\u00e9c\u00e9piss\u00e9. Et d\u2019ajouter que leur licenciement a suivi toute la proc\u00e9dure, renvoyant les concern\u00e9s \u00e0 la justice, s\u2019ils s\u2019estiment l\u00e9s\u00e9s. La s\u00e9curisation des \u00e9lus et responsables administratifs s\u2019est aussi invit\u00e9\u00e9 aux \u00e9changes, \u00e0 la suite de l\u2019assassinat du maire de Djibo. Il s\u2019agit d\u2019une question \u00ab\u00a0importante\u00a0\u00bb, a relev\u00e9 Ouss\u00e9ni Compaor\u00e9 qui a invit\u00e9 les personnes concern\u00e9es \u00e0 saisir ses services centraux et d\u00e9concentr\u00e9s si leur s\u00e9curit\u00e9 est menac\u00e9e ou en cas de besoin de d\u00e9placement.<\/p>\n<p>A sa suite, le ministre de la Communication et des Relations avec le Parlement, Porte-parole du gouvernement, R\u00e9mis Fulgance Dandjinou, a \u00e9voqu\u00e9 avec ses \u00ab\u00a0coll\u00e8gues\u00a0\u00bb de la presse des sujets divers, notamment le traitement de l\u2019information sur les attaques terroristes.<\/p>\n<p class=\"c1\"><strong>Jean-Marie TOE<\/strong><\/p>\n<div class=\"td-a-rec td-a-rec-id-content_bottom tdi_30_55d td_block_template_1\"><img loading=\"lazy\" decoding=\"async\" class=\"aligncenter size-full wp-image-9623\" src=\"https:\/\/www.sidwaya.info\/wp-content\/uploads\/2019\/06\/Projet-bannie%CC%80re-Orange-mobile.jpg\" alt=\"\" width=\"728\" height=\"81\"\/><\/div>\n<p>Auteur: DD. Sidwaya<br \/>\n<a href=\"https:\/\/www.sidwaya.info\/blog\/2019\/11\/14\/recrutement-de-volontaires-un-projet-muri-le-ministre-ousseni-compaore\/\">Cliquez ici pour lire l&rsquo;article depuis sa source.<\/a><\/p>\n","protected":false},"excerpt":{"rendered":"<p>Le gouvernement a anim\u00e9, le jeudi 14 novembre 2019 \u00e0 Ouagadougou, une conf\u00e9rence de presse exclusivement consacr\u00e9e \u00e0 la situation s\u00e9curitaire. Face aux attaques terroristes \u00e0 r\u00e9p\u00e9tition sur le sol burkinab\u00e8, le gouvernement fait des pieds et des mains pour garantir l\u2019int\u00e9grit\u00e9 du territoire national et assurer la s\u00e9curit\u00e9. C\u2019est ce qu\u2019a affirm\u00e9 le ministre [&hellip;]<\/p>\n","protected":false},"author":1816,"featured_media":0,"comment_status":"closed","ping_status":"closed","sticky":false,"template":"","format":"standard","meta":{"fifu_image_url":"","fifu_image_alt":"","footnotes":""},"categories":[73,81],"tags":[],"class_list":["post-67518","post","type-post","status-publish","format-standard","hentry","category-actualite","category-burkina-faso"],"_links":{"self":[{"href":"https:\/\/linitiative.ca\/International\/wp-json\/wp\/v2\/posts\/67518","targetHints":{"allow":["GET"]}}],"collection":[{"href":"https:\/\/linitiative.ca\/International\/wp-json\/wp\/v2\/posts"}],"about":[{"href":"https:\/\/linitiative.ca\/International\/wp-json\/wp\/v2\/types\/post"}],"author":[{"embeddable":true,"href":"https:\/\/linitiative.ca\/International\/wp-json\/wp\/v2\/users\/1816"}],"replies":[{"embeddable":true,"href":"https:\/\/linitiative.ca\/International\/wp-json\/wp\/v2\/comments?post=67518"}],"version-history":[{"count":0,"href":"https:\/\/linitiative.ca\/International\/wp-json\/wp\/v2\/posts\/67518\/revisions"}],"wp:attachment":[{"href":"https:\/\/linitiative.ca\/International\/wp-json\/wp\/v2\/media?parent=67518"}],"wp:term":[{"taxonomy":"category","embeddable":true,"href":"https:\/\/linitiative.ca\/International\/wp-json\/wp\/v2\/categories?post=67518"},{"taxonomy":"post_tag","embeddable":true,"href":"https:\/\/linitiative.ca\/International\/wp-json\/wp\/v2\/tags?post=67518"}],"curies":[{"name":"wp","href":"https:\/\/api.w.org\/{rel}","templated":true}]}}