{"id":67519,"date":"2019-11-14T17:05:33","date_gmt":"2019-11-14T22:05:33","guid":{"rendered":"https:\/\/linitiative.ca\/International\/independance-de-la-justice-le-csm-note-des-avancees\/"},"modified":"2019-11-14T17:05:33","modified_gmt":"2019-11-14T22:05:33","slug":"independance-de-la-justice-le-csm-note-des-avancees","status":"publish","type":"post","link":"https:\/\/linitiative.ca\/International\/independance-de-la-justice-le-csm-note-des-avancees\/","title":{"rendered":"Ind\u00e9pendance de la Justice : le CSM note des avanc\u00e9es"},"content":{"rendered":"<div class=\"td-post-featured-image\"><a href=\"https:\/\/i0.wp.com\/www.sidwaya.info\/wp-content\/uploads\/2019\/11\/1-35.jpg?fit=595%2C397&#038;ssl=1\" data-caption=\"\"><img loading=\"lazy\" decoding=\"async\" width=\"595\" height=\"397\" class=\"entry-thumb td-modal-image\" src=\"https:\/\/i0.wp.com\/www.sidwaya.info\/wp-content\/uploads\/2019\/11\/1-35.jpg?resize=595%2C397&#038;ssl=1\" srcset=\"https:\/\/i0.wp.com\/www.sidwaya.info\/wp-content\/uploads\/2019\/11\/1-35.jpg?w=595&#038;ssl=1 595w, https:\/\/i0.wp.com\/www.sidwaya.info\/wp-content\/uploads\/2019\/11\/1-35.jpg?resize=300%2C200&#038;ssl=1 300w\" sizes=\"auto, (max-width: 595px) 100vw, 595px\" alt=\"\" title=\"1\"\/><\/a><\/div>\n<p><strong>Le pr\u00e9sident du Faso, Roch Marc Christian Kabor\u00e9 a rencontr\u00e9 le Conseil sup\u00e9rieur de la magistrature, le jeudi 14 novembre 2019 \u00e0 Kosyam. La rencontre statutaire a permis d\u2019\u00e9valuer le processus d\u2019ind\u00e9pendance du pouvoir judiciaire amorc\u00e9 \u00e0 la suite des r\u00e9formes de 2015.<\/strong><\/p>\n<p>L\u2019article 131 de la Constitution, telle que modifi\u00e9e en 2015, pr\u00e9voit chaque ann\u00e9e une rencontre, courant novembre, entre le pr\u00e9sident du Faso, garant de l\u2019ind\u00e9pendance du pouvoir judiciaire et le Conseil sup\u00e9rieur de la magistrature. Cette ann\u00e9e, le rendez-vous statutaire, le 4e depuis son institutionnalisation, s\u2019est tenue, hier jeudi 14 novembre au palais de Kosyam. A l\u2019occasion de cette session, les statistiques sur le rapport des populations \u00e0 la justice ont r\u00e9v\u00e9l\u00e9 que le taux de saisine de la justice sur l\u2019ensemble du territoire s\u2019est am\u00e9lior\u00e9, a indiqu\u00e9 le pr\u00e9sident du Conseil sup\u00e9rieur de la magistrature (CSM), Jean Kond\u00e9, qui a not\u00e9 le contraste entre ces chiffres et l\u2019id\u00e9e couramment r\u00e9pandue de manque de confiance en la justice. \u00ab\u00a0Si vous n\u2019avez pas confiance en une structure vous n\u2019y allez pas\u00a0\u00bb, a-t-il fait remarquer. De quoi les encourager \u00e0 persister dans la dynamique de sorte qu\u2019au rendez-vous de l\u2019ann\u00e9e prochaine il y ait encore des avanc\u00e9es significatives. Si le pr\u00e9sident du CSM a relev\u00e9 quelques difficult\u00e9s au processus d\u2019ind\u00e9pendance de la justice, il s\u2019est toutefois montr\u00e9 optimisme eu \u00e9gard aux \u00ab\u00a0tr\u00e8s bonnes dispositions d\u2019esprit\u00a0\u00bb du chef de l\u2019Etat pour accompagner le processus.\u00a0\u00ab\u00a0Il a pris l\u2019engagement de travailler \u00e0 lever les quelques goulots d\u2019\u00e9tranglement\u00a0\u00bb, a confi\u00e9 Jean Kond\u00e9. Ces difficult\u00e9s se r\u00e9sument, entre autres, \u00e0 l\u2019autonomisation du CSM en le dotant d\u2019un si\u00e8ge d\u00e9finitif et d\u2019un v\u00e9ritable budget.<\/p>\n<p><strong>L\u2019ind\u00e9pendance, une qu\u00eate perp\u00e9tuelle<\/strong><\/p>\n<p>Le premier pr\u00e9sident de la Cour de cassation a \u00e9voqu\u00e9 \u00e9galement le blocage du concours de la magistrature \u00ab\u00a0sur des bases souvent discutables\u00a0\u00bb et la cr\u00e9ation d\u2019une \u00e9cole de la magistrature qui permettra d\u00e9j\u00e0, a-t-il dit, de r\u00e9soudre les difficult\u00e9s r\u00e9currentes d\u2019int\u00e9gration des magistrats en fin de formation. Sur ce dernier aspect, il a rappel\u00e9 que des juridictions attendent toujours l\u2019arriv\u00e9e de magistrats qui ont fini leur formation depuis juin 2019.<\/p>\n<p>Au rang toujours des difficult\u00e9s inh\u00e9rentes au processus d\u2019ind\u00e9pendance du pouvoir judiciaire, le pr\u00e9sident du CSM a esp\u00e9r\u00e9 que la mise en conformit\u00e9 des textes l\u00e9gislatifs avec la constitution sur le statut de la magistrature soit effective d\u2019ici l\u2019ann\u00e9e prochaine. \u00ab\u00a0Il est toujours stipul\u00e9 dans la loi organique portant statut de la magistrature que le pr\u00e9sident du Faso et le ministre de la Justice sont respectivement le pr\u00e9sident et le vice-pr\u00e9sident du Conseil sup\u00e9rieur de la magistrature. Pourtant la modification constitutionnelle a \u00e9tabli que c\u2019est le premier pr\u00e9sident de la Cour de cassation qui en assure la pr\u00e9sidence et le pr\u00e9sident du conseil d\u2019Etat la vice-pr\u00e9sidence\u00a0\u00bb, a-t-il expliqu\u00e9. Le magistrat Jean Kond\u00e9, qui a assum\u00e9 la pr\u00e9sidence du CSM depuis seulement cette ann\u00e9e 2019, a rappel\u00e9 que l\u2019essentiel du principe de l\u2019ind\u00e9pendance de la justice est la libert\u00e9 compl\u00e8te des juges, pris individuellement, d\u2019inscrire et de juger les affaires qui leur sont soumises sans qu\u2019aucune personne ou entit\u00e9, un gouvernement, un groupe de pression, un particulier ou m\u00eame un autre juge n\u2019intervienne ou tente d\u2019intervenir dans la fa\u00e7on de conduire la proc\u00e9dure et de rendre la d\u00e9cision. Ce qui implique, selon lui, un \u00e9tat d\u2019esprit et un ensemble de dispositions institutionnelles et op\u00e9rationnelles.<\/p>\n<p>Nonobstant les obstacles ci-dessus cit\u00e9s, le magistrat Jean Kond\u00e9, \u00e0 l\u2019aune des r\u00e9formes entreprises depuis un certain temps dans le syst\u00e8me judiciaire, est d\u2019avis que \u00ab\u00a0des garanties objectives et op\u00e9rationnelles existent au Burkina Faso de nature \u00e0 rendre le pouvoir judiciaire ind\u00e9pendant\u00a0\u00bb. Il a fait r\u00e9f\u00e9rence en cela \u00e0 la d\u00e9connexion entre le pouvoir judiciaire et l\u2019ex\u00e9cutif, les nominations aux postes de responsabilit\u00e9 dans la magistrature par appels \u00e0 candidature, l\u2019\u00e9valuation du magistrat par son sup\u00e9rieur hi\u00e9rarchique imm\u00e9diat en lieu et place du ministre de la Justice, la gestion de la carri\u00e8re du magistrat par le secr\u00e9tariat permanent du CSM et la \u00ab\u00a0relative\u00a0\u00bb s\u00e9curit\u00e9 financi\u00e8re des magistrats.<\/p>\n<p class=\"c1\"><strong>Fab\u00e9 Mamadou OUATTARA<\/strong><\/p>\n<div class=\"td-a-rec td-a-rec-id-content_bottom tdi_30_cc8 td_block_template_1\"><img loading=\"lazy\" decoding=\"async\" class=\"aligncenter size-full wp-image-9623\" src=\"https:\/\/www.sidwaya.info\/wp-content\/uploads\/2019\/06\/Projet-bannie%CC%80re-Orange-mobile.jpg\" alt=\"\" width=\"728\" height=\"81\"\/><\/div>\n<p>Auteur: DD. Sidwaya<br \/>\n<a href=\"https:\/\/www.sidwaya.info\/blog\/2019\/11\/14\/independance-de-la-justice-le-csm-note-des-avancees\/\">Cliquez ici pour lire l&rsquo;article depuis sa source.<\/a><\/p>\n","protected":false},"excerpt":{"rendered":"<p>Le pr\u00e9sident du Faso, Roch Marc Christian Kabor\u00e9 a rencontr\u00e9 le Conseil sup\u00e9rieur de la magistrature, le jeudi 14 novembre 2019 \u00e0 Kosyam. La rencontre statutaire a permis d\u2019\u00e9valuer le processus d\u2019ind\u00e9pendance du pouvoir judiciaire amorc\u00e9 \u00e0 la suite des r\u00e9formes de 2015. L\u2019article 131 de la Constitution, telle que modifi\u00e9e en 2015, pr\u00e9voit chaque [&hellip;]<\/p>\n","protected":false},"author":1816,"featured_media":0,"comment_status":"closed","ping_status":"closed","sticky":false,"template":"","format":"standard","meta":{"fifu_image_url":"","fifu_image_alt":"","footnotes":""},"categories":[73,81],"tags":[],"class_list":["post-67519","post","type-post","status-publish","format-standard","hentry","category-actualite","category-burkina-faso"],"_links":{"self":[{"href":"https:\/\/linitiative.ca\/International\/wp-json\/wp\/v2\/posts\/67519","targetHints":{"allow":["GET"]}}],"collection":[{"href":"https:\/\/linitiative.ca\/International\/wp-json\/wp\/v2\/posts"}],"about":[{"href":"https:\/\/linitiative.ca\/International\/wp-json\/wp\/v2\/types\/post"}],"author":[{"embeddable":true,"href":"https:\/\/linitiative.ca\/International\/wp-json\/wp\/v2\/users\/1816"}],"replies":[{"embeddable":true,"href":"https:\/\/linitiative.ca\/International\/wp-json\/wp\/v2\/comments?post=67519"}],"version-history":[{"count":0,"href":"https:\/\/linitiative.ca\/International\/wp-json\/wp\/v2\/posts\/67519\/revisions"}],"wp:attachment":[{"href":"https:\/\/linitiative.ca\/International\/wp-json\/wp\/v2\/media?parent=67519"}],"wp:term":[{"taxonomy":"category","embeddable":true,"href":"https:\/\/linitiative.ca\/International\/wp-json\/wp\/v2\/categories?post=67519"},{"taxonomy":"post_tag","embeddable":true,"href":"https:\/\/linitiative.ca\/International\/wp-json\/wp\/v2\/tags?post=67519"}],"curies":[{"name":"wp","href":"https:\/\/api.w.org\/{rel}","templated":true}]}}