{"id":67520,"date":"2019-11-14T15:18:04","date_gmt":"2019-11-14T20:18:04","guid":{"rendered":"https:\/\/linitiative.ca\/International\/mtn-choisi-pour-la-digitalisation-de-la-fonction-publique-camerounaise\/"},"modified":"2019-11-14T15:18:04","modified_gmt":"2019-11-14T20:18:04","slug":"mtn-choisi-pour-la-digitalisation-de-la-fonction-publique-camerounaise","status":"publish","type":"post","link":"https:\/\/linitiative.ca\/International\/mtn-choisi-pour-la-digitalisation-de-la-fonction-publique-camerounaise\/","title":{"rendered":"MTN choisi pour la digitalisation de la fonction publique camerounaise"},"content":{"rendered":"<div readability=\"32\">\n<p>Publi\u00e9 le 14.11.2019 \u00e0 21h18 par APA News<\/p>\n<\/div>\n<div readability=\"64\">\n<p>L\u2019op\u00e9rateur sud-africain Mobile Telecommunications Network (MTN) a sign\u00e9 un m\u00e9morandum d\u2019entente avec le minist\u00e8re camerounais en charge de la Fonction publique et de la R\u00e9forme administrative (Minfopra) en vue d\u2019accompagner ce dernier dans sa transformation digitale, a appris APA jeudi aupr\u00e8s des services comp\u00e9tents dudit d\u00e9partement.Bien que ni le montant ni la dur\u00e9e du contrat n\u2019aient pas \u00e9t\u00e9 pr\u00e9cis\u00e9s, l\u2019on apprend n\u00e9anmoins que des solutions num\u00e9riques seront d\u00e9velopp\u00e9es afin de fournir des moyens simples, rapides et s\u00e9curis\u00e9s permettant d\u2019obtenir les informations dont auront besoin le personnel de l\u2019\u00c9tat, ainsi que l\u2019ensemble des usagers.<\/p>\n<p>Les technologies et l\u2019expertise apport\u00e9es par MTN permettront ainsi, selon le Minfopra, le traitement automatique des r\u00e9clamations en ligne afin de d\u00e9sengorger les minist\u00e8res utilisateurs, am\u00e9liorer le syst\u00e8me d\u2019information et d\u2019alerte pour mieux renseigner les usagers, \u00e9viter les files d\u2019attente et les \u00e9ventuels d\u00e9placements des fonctionnaires de leurs r\u00e9gions vers la capitale, Yaound\u00e9.<\/p>\n<p>Il s\u2019agira de solutions simples, accessibles, s\u00e9curis\u00e9es et innovantes, insiste-t-on, permettant \u00e0 des fonctionnaires en r\u00e9gion d\u2019avoir acc\u00e8s \u00e0 un serveur vocal qui les renseignerait sur la composition d\u2019un dossier, envoyer des pi\u00e8ces permettant de composer un dossier, acc\u00e9der \u00e0 certains services le week-end ou apr\u00e8s les horaires de travail.<\/p>\n<p>Il convient de noter que pour cette prestation, MTN \u00e9tait en lice avec le fran\u00e7ais Orange et un consortium men\u00e9 par le marocain Arago Consulting.<\/p>\n<\/div>\n<p>Auteur: APA News<br \/>\n<a href=\"https:\/\/www.journalducameroun.com\/mtn-choisi-pour-la-digitalisation-de-la-fonction-publique-camerounaise\/\">Cliquez ici pour lire l&rsquo;article depuis sa source.<\/a><\/p>\n","protected":false},"excerpt":{"rendered":"<p>Publi\u00e9 le 14.11.2019 \u00e0 21h18 par APA News L\u2019op\u00e9rateur sud-africain Mobile Telecommunications Network (MTN) a sign\u00e9 un m\u00e9morandum d\u2019entente avec le minist\u00e8re camerounais en charge de la Fonction publique et de la R\u00e9forme administrative (Minfopra) en vue d\u2019accompagner ce dernier dans sa transformation digitale, a appris APA jeudi aupr\u00e8s des services comp\u00e9tents dudit d\u00e9partement.Bien que [&hellip;]<\/p>\n","protected":false},"author":1965,"featured_media":0,"comment_status":"closed","ping_status":"closed","sticky":false,"template":"","format":"standard","meta":{"fifu_image_url":"","fifu_image_alt":"","footnotes":""},"categories":[73,82],"tags":[],"class_list":["post-67520","post","type-post","status-publish","format-standard","hentry","category-actualite","category-cameroun"],"_links":{"self":[{"href":"https:\/\/linitiative.ca\/International\/wp-json\/wp\/v2\/posts\/67520","targetHints":{"allow":["GET"]}}],"collection":[{"href":"https:\/\/linitiative.ca\/International\/wp-json\/wp\/v2\/posts"}],"about":[{"href":"https:\/\/linitiative.ca\/International\/wp-json\/wp\/v2\/types\/post"}],"author":[{"embeddable":true,"href":"https:\/\/linitiative.ca\/International\/wp-json\/wp\/v2\/users\/1965"}],"replies":[{"embeddable":true,"href":"https:\/\/linitiative.ca\/International\/wp-json\/wp\/v2\/comments?post=67520"}],"version-history":[{"count":0,"href":"https:\/\/linitiative.ca\/International\/wp-json\/wp\/v2\/posts\/67520\/revisions"}],"wp:attachment":[{"href":"https:\/\/linitiative.ca\/International\/wp-json\/wp\/v2\/media?parent=67520"}],"wp:term":[{"taxonomy":"category","embeddable":true,"href":"https:\/\/linitiative.ca\/International\/wp-json\/wp\/v2\/categories?post=67520"},{"taxonomy":"post_tag","embeddable":true,"href":"https:\/\/linitiative.ca\/International\/wp-json\/wp\/v2\/tags?post=67520"}],"curies":[{"name":"wp","href":"https:\/\/api.w.org\/{rel}","templated":true}]}}