{"id":67521,"date":"2019-11-14T16:18:03","date_gmt":"2019-11-14T21:18:03","guid":{"rendered":"https:\/\/linitiative.ca\/International\/le-groupe-marocain-de-la-bcp-leve-300-millions-deuros-en-faveur-de-la-cote-divoire\/"},"modified":"2019-11-14T16:18:03","modified_gmt":"2019-11-14T21:18:03","slug":"le-groupe-marocain-de-la-bcp-leve-300-millions-deuros-en-faveur-de-la-cote-divoire","status":"publish","type":"post","link":"https:\/\/linitiative.ca\/International\/le-groupe-marocain-de-la-bcp-leve-300-millions-deuros-en-faveur-de-la-cote-divoire\/","title":{"rendered":"Le Groupe marocain de la BCP l\u00e8ve 300 millions d\u2019euros en faveur de la C\u00f4te d\u2019Ivoire"},"content":{"rendered":"<div readability=\"32\">\n<p>Publi\u00e9 le 14.11.2019 \u00e0 22h18 par APA News<\/p>\n<\/div>\n<div readability=\"57\">\n<p>Le groupe marocain de la Banque centrale populaire (BCP) a lev\u00e9 300 millions d\u2019euros en faveur de la C\u00f4te d\u2019Ivoire, une enveloppe qui rentre dans le cadre de la vision strat\u00e9gique 2025 du march\u00e9 ivoirien de la dette publique.Cette lev\u00e9e de fonds fait partie de la vision strat\u00e9gique 2025 du march\u00e9 ivoirien de la dette publique. Elle sera port\u00e9e par le consortium Upline Corporate Finance et Atlantique Finance, banques d\u2019affaires du groupe BCP respectivement au Maroc et en C\u00f4te d\u2019Ivoire.<\/p>\n<p>Pour rappel, la BCP et l\u2019\u00c9tat ivoirien ont sign\u00e9, mercredi, un protocole d\u2019accord portant sur une mission de conseil pour l\u2019optimisation de la gestion de la dette publique et sur cet emprunt obligataire.<\/p>\n<p>\u00c0 cet \u00e9gard, le Directeur g\u00e9n\u00e9ral de la BCP et de l\u2019International, Kamal Mokdad s\u2019est f\u00e9licit\u00e9 de cet accord \u00e0 port\u00e9e strat\u00e9gique pour la C\u00f4te d\u2019Ivoire sur son march\u00e9 de la dette.*<\/p>\n<p>Ce mandat, qui vient renforcer un partenariat historique et durable, b\u00e9n\u00e9ficiera de l\u2019expertise internationale du Groupe Banque centrale populaire en mati\u00e8re de lev\u00e9e de fonds, et notamment \u00e0 travers des m\u00e9canismes de captation de nouvelles cat\u00e9gories d\u2019investisseurs\u00bb, a-t-il d\u00e9clar\u00e9.<\/p>\n<\/div>\n<p>Auteur: APA News<br \/>\n<a href=\"https:\/\/www.journalducameroun.com\/le-groupe-marocain-de-la-bcp-leve-300-millions-deuros-en-faveur-de-la-cote-divoire\/\">Cliquez ici pour lire l&rsquo;article depuis sa source.<\/a><\/p>\n","protected":false},"excerpt":{"rendered":"<p>Publi\u00e9 le 14.11.2019 \u00e0 22h18 par APA News Le groupe marocain de la Banque centrale populaire (BCP) a lev\u00e9 300 millions d\u2019euros en faveur de la C\u00f4te d\u2019Ivoire, une enveloppe qui rentre dans le cadre de la vision strat\u00e9gique 2025 du march\u00e9 ivoirien de la dette publique.Cette lev\u00e9e de fonds fait partie de la vision [&hellip;]<\/p>\n","protected":false},"author":1965,"featured_media":0,"comment_status":"closed","ping_status":"closed","sticky":false,"template":"","format":"standard","meta":{"fifu_image_url":"","fifu_image_alt":"","footnotes":""},"categories":[73,82],"tags":[],"class_list":["post-67521","post","type-post","status-publish","format-standard","hentry","category-actualite","category-cameroun"],"_links":{"self":[{"href":"https:\/\/linitiative.ca\/International\/wp-json\/wp\/v2\/posts\/67521","targetHints":{"allow":["GET"]}}],"collection":[{"href":"https:\/\/linitiative.ca\/International\/wp-json\/wp\/v2\/posts"}],"about":[{"href":"https:\/\/linitiative.ca\/International\/wp-json\/wp\/v2\/types\/post"}],"author":[{"embeddable":true,"href":"https:\/\/linitiative.ca\/International\/wp-json\/wp\/v2\/users\/1965"}],"replies":[{"embeddable":true,"href":"https:\/\/linitiative.ca\/International\/wp-json\/wp\/v2\/comments?post=67521"}],"version-history":[{"count":0,"href":"https:\/\/linitiative.ca\/International\/wp-json\/wp\/v2\/posts\/67521\/revisions"}],"wp:attachment":[{"href":"https:\/\/linitiative.ca\/International\/wp-json\/wp\/v2\/media?parent=67521"}],"wp:term":[{"taxonomy":"category","embeddable":true,"href":"https:\/\/linitiative.ca\/International\/wp-json\/wp\/v2\/categories?post=67521"},{"taxonomy":"post_tag","embeddable":true,"href":"https:\/\/linitiative.ca\/International\/wp-json\/wp\/v2\/tags?post=67521"}],"curies":[{"name":"wp","href":"https:\/\/api.w.org\/{rel}","templated":true}]}}