{"id":67522,"date":"2019-11-14T16:18:07","date_gmt":"2019-11-14T21:18:07","guid":{"rendered":"https:\/\/linitiative.ca\/International\/tanger-le-president-macky-sall-recoit-le-grand-prix-medays\/"},"modified":"2019-11-14T16:18:07","modified_gmt":"2019-11-14T21:18:07","slug":"tanger-le-president-macky-sall-recoit-le-grand-prix-medays","status":"publish","type":"post","link":"https:\/\/linitiative.ca\/International\/tanger-le-president-macky-sall-recoit-le-grand-prix-medays\/","title":{"rendered":"Tanger : Le Pr\u00e9sident Macky Sall re\u00e7oit le Grand  prix MEDays"},"content":{"rendered":"<div readability=\"32\">\n<p>Publi\u00e9 le 14.11.2019 \u00e0 22h18 par APA News<\/p>\n<\/div>\n<div readability=\"100\">\n<p>Le Pr\u00e9sident s\u00e9n\u00e9galais, Macky Sall a re\u00e7u mercredi soir \u00e0 Tanger, le Grand Prix de la 12\u00e8me \u00e9dition du forum MEDays 2019, organis\u00e9e sous le th\u00e8me \u00ab Crise globale de confiance : faire face aux incertitudes et \u00e0 la subversion \u00bb.S\u2019exprimant \u00e0 cette occasion, le chef de l\u2019Etat s\u00e9n\u00e9galais a tenu \u00e0 adresser son salut fraternel au Roi Mohammed VI, exprimant dans ce sens ses sinc\u00e8res remerciements pour l\u2019accueil toujours convivial qui lui a \u00e9t\u00e9 r\u00e9serv\u00e9 dans la pure tradition d\u2019hospitalit\u00e9 marocaine.<\/p>\n<p>\u00ab Le Maroc nous est familier parce que nos relations sont anciennes, diverses et fortes\u00bb, a ajout\u00e9 le Pr\u00e9sident s\u00e9n\u00e9galais, notant qu\u2019\u00ab en effet, de tout temps, l\u2019espace sah\u00e9lo-saharien a \u00e9t\u00e9 un contin\u00fbment de flux intenses rythm\u00e9s par des caravanes commerciales, des missions diplomatiques et des \u00e9changes spirituels et notre pr\u00e9sence \u00e0 Tanger s\u2019inscrit dans la continuit\u00e9 de cette longue histoire\u00bb.<\/p>\n<p>J\u2019accepte avec plaisir le Grand Prix MEDays 2019, a dit Macky Sall, pr\u00e9cisant qu\u2019il y voit certes la reconnaissance des efforts d\u00e9j\u00e0 consentis, mais surtout un encouragement \u00e0 poursuivre ces efforts tant les d\u00e9fis sont encore nombreux dans le Continent Africain.<\/p>\n<p>Pour le Pr\u00e9sident s\u00e9n\u00e9galais, il n\u2019est possible de relever ces d\u00e9fis que dans un environnement de paix, de s\u00e9curit\u00e9 et de stabilit\u00e9, qui offre la qui\u00e9tude n\u00e9cessaire au d\u00e9veloppement \u00e9conomique et social, ce qui donne sens au th\u00e8me de cette 12e \u00e9dition du Forum MEDays.<\/p>\n<p>Il est vrai que le cours de l\u2019histoire n\u2019est pas rassurant, notamment en ces temps de crise aigu\u00eb et de vuln\u00e9rabilit\u00e9 multiples, crise et vuln\u00e9rabilit\u00e9 environnementales qui mettent en p\u00e9ril le devenir de la plan\u00e8te, de ses habitants ainsi que de ses ressources, crise et vuln\u00e9rabilit\u00e9 s\u00e9curitaires et humanitaires, et crise et vuln\u00e9rabilit\u00e9 \u00e9conomiques et sociales qui mettent \u00e0 nue le paradoxe d\u2019un monde d\u2019extr\u00eame opulence et d\u2019extr\u00eame pauvret\u00e9, a ajout\u00e9 Macky Sall, relevant qu\u2019au sein et entre les Etats, les in\u00e9galit\u00e9s persistent.<\/p>\n<p>\u00ab Nous ne pouvons pas nous r\u00e9signer \u00e0 la perte de confiance, nous ne devons c\u00e9der ni \u00e0 l\u2019h\u00e9g\u00e9monisme civilisationnel, ni \u00e0 l\u2019inqui\u00e9tude du pr\u00e9sent, ni \u00e0 la peur du lendemain, au risque de ne pas agir\u00bb, a estim\u00e9 le Pr\u00e9sident s\u00e9n\u00e9galais, soulignant que le devoir d\u2019agir engage tout le monde, que ce soit le pouvoir public, le secteur priv\u00e9, la soci\u00e9t\u00e9 civile ou les citoyens.<\/p>\n<p>La 12e \u00e9dition du Forum international MEDays, qui se tient du 13 au 16 novembre \u00e0 Tanger, traite une s\u00e9rie de th\u00e9matiques allant de la croissance \u00e9conomique \u00e0 la complexit\u00e9 du dialogue Nord-sud, en passant par les d\u00e9fis s\u00e9curitaires.<\/p>\n<\/div>\n<p>Auteur: APA News<br \/>\n<a href=\"https:\/\/www.journalducameroun.com\/tanger-le-president-macky-sall-recoit-le-grand-prix-medays\/\">Cliquez ici pour lire l&rsquo;article depuis sa source.<\/a><\/p>\n","protected":false},"excerpt":{"rendered":"<p>Publi\u00e9 le 14.11.2019 \u00e0 22h18 par APA News Le Pr\u00e9sident s\u00e9n\u00e9galais, Macky Sall a re\u00e7u mercredi soir \u00e0 Tanger, le Grand Prix de la 12\u00e8me \u00e9dition du forum MEDays 2019, organis\u00e9e sous le th\u00e8me \u00ab Crise globale de confiance : faire face aux incertitudes et \u00e0 la subversion \u00bb.S\u2019exprimant \u00e0 cette occasion, le chef de [&hellip;]<\/p>\n","protected":false},"author":1965,"featured_media":0,"comment_status":"closed","ping_status":"closed","sticky":false,"template":"","format":"standard","meta":{"fifu_image_url":"","fifu_image_alt":"","footnotes":""},"categories":[73,82],"tags":[],"class_list":["post-67522","post","type-post","status-publish","format-standard","hentry","category-actualite","category-cameroun"],"_links":{"self":[{"href":"https:\/\/linitiative.ca\/International\/wp-json\/wp\/v2\/posts\/67522","targetHints":{"allow":["GET"]}}],"collection":[{"href":"https:\/\/linitiative.ca\/International\/wp-json\/wp\/v2\/posts"}],"about":[{"href":"https:\/\/linitiative.ca\/International\/wp-json\/wp\/v2\/types\/post"}],"author":[{"embeddable":true,"href":"https:\/\/linitiative.ca\/International\/wp-json\/wp\/v2\/users\/1965"}],"replies":[{"embeddable":true,"href":"https:\/\/linitiative.ca\/International\/wp-json\/wp\/v2\/comments?post=67522"}],"version-history":[{"count":0,"href":"https:\/\/linitiative.ca\/International\/wp-json\/wp\/v2\/posts\/67522\/revisions"}],"wp:attachment":[{"href":"https:\/\/linitiative.ca\/International\/wp-json\/wp\/v2\/media?parent=67522"}],"wp:term":[{"taxonomy":"category","embeddable":true,"href":"https:\/\/linitiative.ca\/International\/wp-json\/wp\/v2\/categories?post=67522"},{"taxonomy":"post_tag","embeddable":true,"href":"https:\/\/linitiative.ca\/International\/wp-json\/wp\/v2\/tags?post=67522"}],"curies":[{"name":"wp","href":"https:\/\/api.w.org\/{rel}","templated":true}]}}