{"id":67524,"date":"2019-11-14T16:50:04","date_gmt":"2019-11-14T21:50:04","guid":{"rendered":"https:\/\/linitiative.ca\/International\/rohingyas-feu-vert-de-la-cpi-a-une-enquete-sur-des-crimes-presumes\/"},"modified":"2019-11-14T16:50:04","modified_gmt":"2019-11-14T21:50:04","slug":"rohingyas-feu-vert-de-la-cpi-a-une-enquete-sur-des-crimes-presumes","status":"publish","type":"post","link":"https:\/\/linitiative.ca\/International\/rohingyas-feu-vert-de-la-cpi-a-une-enquete-sur-des-crimes-presumes\/","title":{"rendered":"Rohingyas: feu vert de la CPI \u00e0 une enqu\u00eate sur des crimes pr\u00e9sum\u00e9s"},"content":{"rendered":"<div readability=\"32\">\n<p>Publi\u00e9 le 14.11.2019 \u00e0 22h50 par AFP<\/p>\n<\/div>\n<div readability=\"132\">\n<p>La Cour p\u00e9nale internationale (CPI) a donn\u00e9 jeudi son feu vert \u00e0 une enqu\u00eate sur les crimes pr\u00e9sum\u00e9s commis contre la minorit\u00e9 musulmane rohingya en Birmanie, pays confront\u00e9 \u00e0 une pression juridique croissante \u00e0 travers le monde.<\/p>\n<p>Les juges de la Cour, charg\u00e9e de juger les pires atrocit\u00e9s commises dans le monde, ont donn\u00e9 leur aval \u00e0 la procureure de la CPI, Fatou Bensouda, pour mener une enqu\u00eate approfondie sur les actes de violence et la d\u00e9portation all\u00e9gu\u00e9e de cette minorit\u00e9 musulmane, qui pourrait constituer un crime contre l\u2019humanit\u00e9.<\/p>\n<p>En ao\u00fbt 2017, plus de 740.000 musulmans rohingyas ont fui la Birmanie, majoritairement bouddhiste, apr\u00e8s une offensive de l\u2019arm\u00e9e en repr\u00e9sailles d\u2019attaques de postes-fronti\u00e8res par des rebelles rohingyas. Pers\u00e9cut\u00e9s par les forces arm\u00e9es birmanes et des milices bouddhistes, ils se sont r\u00e9fugi\u00e9s dans d\u2019immenses campements de fortune au Bangladesh.<\/p>\n<p>Mme Bensouda a salu\u00e9 la d\u00e9cision de la Cour, estimant qu\u2019elle \u00ab\u00a0envoie un signal positif aux victimes des atrocit\u00e9s en Birmanie et ailleurs\u00a0\u00bb.<\/p>\n<p>\u00ab\u00a0Mon enqu\u00eate visera \u00e0 d\u00e9couvrir la v\u00e9rit\u00e9\u00a0\u00bb, a-telle ajout\u00e9 dans un communiqu\u00e9, en promettant une \u00ab\u00a0enqu\u00eate ind\u00e9pendante et impartiale\u00a0\u00bb.<\/p>\n<p>La d\u00e9cision de la CPI intervient apr\u00e8s une rude semaine pour le pays de l\u2019Asie du Sud-Est : mercredi, une plainte a \u00e9t\u00e9 d\u00e9pos\u00e9e en Argentine concernant les crimes contre les Rohingya en Birmanie, en invoquant le principe de justice universelle. Cette plainte vise notamment l\u2019ancienne ic\u00f4ne de la d\u00e9mocratie, Aung San Suu Kyi, cheffe de facto du gouvernement.<\/p>\n<p>La plainte pour torture, disparition et abus sexuels notamment, a \u00e9t\u00e9 d\u00e9pos\u00e9e devant un tribunal de Buenos Aires, o\u00f9 la juge Maria Servini doit d\u00e9j\u00e0 instruire des plaintes concernant des crimes commis pendant la Guerre civile espagnole (1936-39) et la dictature de Francisco Franco (1939-75).<\/p>\n<p>\u2013 Justice internationale \u2013<\/p>\n<p>Lundi, la Gambie, mandat\u00e9e par les 57 \u00c9tats membres de l\u2019Organisation de la coop\u00e9ration islamique, a entam\u00e9 une action judiciaire devant la Cour internationale de justice (CIJ) contre la Birmanie pour ses \u00ab\u00a0actes de g\u00e9nocide\u00a0\u00bb \u00e0 l\u2019encontre de la minorit\u00e9 musulmane des Rohingyas.<\/p>\n<p>La Gambie demande notamment \u00e0 la CIJ, plus haute juridiction de l\u2019ONU bas\u00e9e \u00e0 La Haye, d\u2019ordonner \u00e0 la Birmanie de \u00ab\u00a0cesser ses actes de g\u00e9nocide\u00a0\u00bb et \u00ab\u00a0d\u2019en punir les auteurs\u00a0\u00bb. La CIJ devrait tenir des audiences sur l\u2019affaire dans les prochains mois.<\/p>\n<p>De leur c\u00f4t\u00e9, les juges de la CPI, \u00e9galement bas\u00e9e \u00e0 La Haye, ont \u00e9voqu\u00e9 des all\u00e9gations \u00ab\u00a0d\u2019actes de violence syst\u00e9matiques\u00a0\u00bb, d\u2019expulsion en tant que crime contre l\u2019humanit\u00e9 et de pers\u00e9cution fond\u00e9e sur l\u2019appartenance ethnique ou la religion contre les Rohingya.<\/p>\n<p>Bien que la Birmanie ne soit pas un \u00c9tat membre du Statut de Rome, trait\u00e9 fondateur de la Cour, celle-ci s\u2019\u00e9tait d\u00e9clar\u00e9e comp\u00e9tente pour enqu\u00eater sur la d\u00e9portation pr\u00e9sum\u00e9e de cette minorit\u00e9 vers le Bangladesh, qui est lui un \u00c9tat partie.<\/p>\n<p>La Birmanie, qui a toujours r\u00e9fut\u00e9 les accusations de nettoyage ethnique ou de g\u00e9nocide, avait \u00ab\u00a0r\u00e9solument\u00a0\u00bb rejet\u00e9 la d\u00e9cision de la CPI, d\u00e9non\u00e7ant un \u00ab\u00a0fondement juridique douteux\u00a0\u00bb.<\/p>\n<p>En septembre 2018, un examen pr\u00e9liminaire avait d\u00e9j\u00e0 \u00e9t\u00e9 ouvert par la procureure, qui avait ensuite demand\u00e9 l\u2019ouverture d\u2019une v\u00e9ritable enqu\u00eate, pour laquelle les juges ont donn\u00e9 jeudi leur feu vert.<\/p>\n<p>Les investigations pourraient \u00e0 terme donner lieu \u00e0 des mandats d\u2019arr\u00eat contre des g\u00e9n\u00e9raux de l\u2019arm\u00e9e birmane.<\/p>\n<p>Des enqu\u00eateurs de l\u2019ONU avaient demand\u00e9 en ao\u00fbt 2018 que la justice internationale poursuive le chef de l\u2019arm\u00e9e birmane et cinq autres hauts grad\u00e9s pour \u00ab\u00a0g\u00e9nocide\u00a0\u00bb, \u00ab\u00a0crimes contre l\u2019humanit\u00e9\u00a0\u00bb et \u00ab\u00a0crimes de guerre\u00a0\u00bb. Des accusations rejet\u00e9es par les autorit\u00e9s birmanes.<\/p>\n<\/div>\n<p>Auteur: AFP<br \/>\n<a href=\"https:\/\/www.journalducameroun.com\/rohingyas-feu-vert-de-la-cpi-a-une-enquete-sur-des-crimes-presumes\/\">Cliquez ici pour lire l&rsquo;article depuis sa source.<\/a><\/p>\n","protected":false},"excerpt":{"rendered":"<p>Publi\u00e9 le 14.11.2019 \u00e0 22h50 par AFP La Cour p\u00e9nale internationale (CPI) a donn\u00e9 jeudi son feu vert \u00e0 une enqu\u00eate sur les crimes pr\u00e9sum\u00e9s commis contre la minorit\u00e9 musulmane rohingya en Birmanie, pays confront\u00e9 \u00e0 une pression juridique croissante \u00e0 travers le monde. Les juges de la Cour, charg\u00e9e de juger les pires atrocit\u00e9s [&hellip;]<\/p>\n","protected":false},"author":1965,"featured_media":0,"comment_status":"closed","ping_status":"closed","sticky":false,"template":"","format":"standard","meta":{"fifu_image_url":"","fifu_image_alt":"","footnotes":""},"categories":[73,82],"tags":[],"class_list":["post-67524","post","type-post","status-publish","format-standard","hentry","category-actualite","category-cameroun"],"_links":{"self":[{"href":"https:\/\/linitiative.ca\/International\/wp-json\/wp\/v2\/posts\/67524","targetHints":{"allow":["GET"]}}],"collection":[{"href":"https:\/\/linitiative.ca\/International\/wp-json\/wp\/v2\/posts"}],"about":[{"href":"https:\/\/linitiative.ca\/International\/wp-json\/wp\/v2\/types\/post"}],"author":[{"embeddable":true,"href":"https:\/\/linitiative.ca\/International\/wp-json\/wp\/v2\/users\/1965"}],"replies":[{"embeddable":true,"href":"https:\/\/linitiative.ca\/International\/wp-json\/wp\/v2\/comments?post=67524"}],"version-history":[{"count":0,"href":"https:\/\/linitiative.ca\/International\/wp-json\/wp\/v2\/posts\/67524\/revisions"}],"wp:attachment":[{"href":"https:\/\/linitiative.ca\/International\/wp-json\/wp\/v2\/media?parent=67524"}],"wp:term":[{"taxonomy":"category","embeddable":true,"href":"https:\/\/linitiative.ca\/International\/wp-json\/wp\/v2\/categories?post=67524"},{"taxonomy":"post_tag","embeddable":true,"href":"https:\/\/linitiative.ca\/International\/wp-json\/wp\/v2\/tags?post=67524"}],"curies":[{"name":"wp","href":"https:\/\/api.w.org\/{rel}","templated":true}]}}