{"id":67525,"date":"2019-11-14T11:45:30","date_gmt":"2019-11-14T16:45:30","guid":{"rendered":"https:\/\/linitiative.ca\/International\/g-stones-resources-investit-900-milliards-de-fcfa-pour-lexploitation-du-fer-dakom-ii\/"},"modified":"2019-11-14T11:45:30","modified_gmt":"2019-11-14T16:45:30","slug":"g-stones-resources-investit-900-milliards-de-fcfa-pour-lexploitation-du-fer-dakom-ii","status":"publish","type":"post","link":"https:\/\/linitiative.ca\/International\/g-stones-resources-investit-900-milliards-de-fcfa-pour-lexploitation-du-fer-dakom-ii\/","title":{"rendered":"G-Stones Resources investit 900 milliards de FCFA pour l\u2019exploitation du fer d\u2019Akom II"},"content":{"rendered":"<div class=\"featured-area featured-area-inner\"><img loading=\"lazy\" decoding=\"async\" width=\"696\" height=\"405\" src=\"https:\/\/i2.wp.com\/ecomatin.net\/wp-content\/uploads\/2019\/11\/cameroun_-_exploitation_minie_499227260_site-minier-a-lest_cin072444_cameroon-info-p-net_800xm1x-696x464-696x405.jpg?resize=696%2C405&#038;ssl=1\" class=\"attachment-jannah-image-post size-jannah-image-post wp-post-image\" alt=\"\" srcset=\"https:\/\/i2.wp.com\/ecomatin.net\/wp-content\/uploads\/2019\/11\/cameroun_-_exploitation_minie_499227260_site-minier-a-lest_cin072444_cameroon-info-p-net_800xm1x-696x464-696x405.jpg?resize=696%2C405&#038;ssl=1 696w, https:\/\/i2.wp.com\/ecomatin.net\/wp-content\/uploads\/2019\/11\/cameroun_-_exploitation_minie_499227260_site-minier-a-lest_cin072444_cameroon-info-p-net_800xm1x-696x464-696x405.jpg?resize=300%2C175&#038;ssl=1 300w\" sizes=\"auto, (max-width: 696px) 100vw, 696px\" data-attachment-id=\"14487\" data-permalink=\"https:\/\/ecomatin.net\/g-stones-resources-investit-900-milliards-de-fcfa-pour-lexploitation-du-fer-dakom-ii\/cameroun_-_exploitation_minie_499227260_site-minier-a-lest_cin072444_cameroon-info-p-net_800xm1x-696x464-696x405\/\" data-orig-file=\"https:\/\/i2.wp.com\/ecomatin.net\/wp-content\/uploads\/2019\/11\/cameroun_-_exploitation_minie_499227260_site-minier-a-lest_cin072444_cameroon-info-p-net_800xm1x-696x464-696x405.jpg?fit=696%2C405&#038;ssl=1\" data-orig-size=\"696,405\" data-comments-opened=\"0\" data-image-meta=\"{\"aperture\":\"0\",\"credit\":\"\",\"camera\":\"\",\"caption\":\"\",\"created_timestamp\":\"0\",\"copyright\":\"\",\"focal_length\":\"0\",\"iso\":\"0\",\"shutter_speed\":\"0\",\"title\":\"\",\"orientation\":\"0\"}\" data-image-title=\"cameroun_-_exploitation_minie_499227260_site-minier-a-lest_cin072444_cameroon-info-p-net_800xm1x-696\u00d7464-696\u00d7405\" data-image-description=\"\" data-medium-file=\"https:\/\/i2.wp.com\/ecomatin.net\/wp-content\/uploads\/2019\/11\/cameroun_-_exploitation_minie_499227260_site-minier-a-lest_cin072444_cameroon-info-p-net_800xm1x-696x464-696x405.jpg?fit=300%2C175&#038;ssl=1\" data-large-file=\"https:\/\/i2.wp.com\/ecomatin.net\/wp-content\/uploads\/2019\/11\/cameroun_-_exploitation_minie_499227260_site-minier-a-lest_cin072444_cameroon-info-p-net_800xm1x-696x464-696x405.jpg?fit=696%2C405&#038;ssl=1\"\/><\/div>\n<div class=\"entry-content entry clearfix\" readability=\"68\">\n<p>La soci\u00e9t\u00e9 anonyme de droit camerounais <strong>G-Stones Resources SA,<\/strong> repr\u00e9sent\u00e9e par M. <strong>Bougne,<\/strong> PDG du groupe Bocom et le minist\u00e8re des Mines, mandant de l\u2019Etat, ont d\u00e9cid\u00e9 de signer jeudi 14 novembre la convention d\u2019exploitation mini\u00e8re du fer d\u2019Akom II, dans la R\u00e9gion du Sud. La convention entre les deux pr\u00e9voit l\u2019exploitation sur pr\u00e8s de 40 ans de la mine sur 3 kilom\u00e8tres pour une production de <strong>2 millions de tonnes<\/strong> de concentr\u00e9 de fer par an. Le tout pour une enveloppe globale de <strong>1,5 milliard de dollars<\/strong>, soit environ <strong>900 milliards de FCFA<\/strong>. Ceci \u00e0 travers une mine et une entit\u00e9 d\u2019enrichissement qui portera les teneurs 65-68%Fe. Lesquelles teneurs sont commercialisables sur le march\u00e9 international. Mais aussi constituent le minimum requis pour sa transformation en acier divers, dans le secteur de la sid\u00e9rurgie.<\/p>\n<p>Les concentr\u00e9s de fer ainsi produits seront, pour leur majorit\u00e9, transform\u00e9s localement au sein du complexe sid\u00e9rurgique que la soci\u00e9t\u00e9 doit construire dans les environs de la mine (moins de 40 kilom\u00e8tres) et elle produira pour commencer <strong>500\u00a0000 tonnes<\/strong> de billettes par an, dont <strong>150\u00a0000<\/strong> <strong>tonnes<\/strong> commercialis\u00e9es et <strong>350\u00a0000 tonnes<\/strong> transform\u00e9es en fer \u00e0 b\u00e9ton.<\/p>\n<p>Le projet int\u00e9gr\u00e9 de G-Stones Resources SA entend installer une unit\u00e9 de production de l\u2019\u00e9nergie \u00e9lectrique d\u2019une capacit\u00e9 de <strong>85 m\u00e9gawatts<\/strong> \u00e0 partir de la chaleur que d\u00e9gagera le complexe sid\u00e9rurgique. L\u2019entreprise sera capable d\u2019assurer l\u2019\u00e9lectrification des localit\u00e9s comme Grand-Zambi, Akom 2 Ville, Adjap, Bipindi et m\u00eame d\u2019injecter une partie de cette production au r\u00e9seau national\u00a0; car toute la production de cette soci\u00e9t\u00e9 n\u00e9cessitera un maximum de 60 MW pour son fonctionnement.<\/p>\n<p>Pour aboutir \u00e0 son projet d\u2019exploitation, G-Stone Resources S.A a collabor\u00e9 avec des experts canadiens. Les travaux, men\u00e9s pendant plus de 8 ans et consign\u00e9s suivant la norme canadienne NI 43-101, ont permis de mettre en \u00e9vidence une r\u00e9serve de fer certifi\u00e9e de 160 millions de tonnes titrant en moyenne \u00e0 35% Fe. Cette r\u00e9serve a \u00e9t\u00e9 mise en \u00e9vidence sur 3 kilom\u00e8tres seulement d\u2019un prospect long de 47 kilom\u00e8tres et le potentiel global de la r\u00e9serve est de 1,2 milliard de tonnes de fer disponible.<\/p>\n<div class=\"about-author about-author-box container-wrapper\">\n<div class=\"author-avatar\"><img decoding=\"async\" src=\"http:\/\/\" alt=\"\"\/><\/div>\n<p><h4>La R\u00e9daction EcoMatin<\/h4>\n<\/p>\n<\/div>\n<div class=\"awac-wrapper awac widget blog_subscription-2\">\n<h4 class=\"widget-title\">Abonnez-vous \u00e0 notre lettre d&rsquo;information<\/h4>\n<\/div>\n<\/div>\n<p>Auteur: EcoMatin<br \/>\n<a href=\"https:\/\/ecomatin.net\/g-stones-resources-investit-900-milliards-de-fcfa-pour-lexploitation-du-fer-dakom-ii\/\">Cliquez ici pour lire l&rsquo;article depuis sa source.<\/a><\/p>\n","protected":false},"excerpt":{"rendered":"<p>La soci\u00e9t\u00e9 anonyme de droit camerounais G-Stones Resources SA, repr\u00e9sent\u00e9e par M. Bougne, PDG du groupe Bocom et le minist\u00e8re des Mines, mandant de l\u2019Etat, ont d\u00e9cid\u00e9 de signer jeudi 14 novembre la convention d\u2019exploitation mini\u00e8re du fer d\u2019Akom II, dans la R\u00e9gion du Sud. La convention entre les deux pr\u00e9voit l\u2019exploitation sur pr\u00e8s de [&hellip;]<\/p>\n","protected":false},"author":1969,"featured_media":0,"comment_status":"closed","ping_status":"closed","sticky":false,"template":"","format":"standard","meta":{"fifu_image_url":"","fifu_image_alt":"","footnotes":""},"categories":[82,78],"tags":[],"class_list":["post-67525","post","type-post","status-publish","format-standard","hentry","category-cameroun","category-economie"],"_links":{"self":[{"href":"https:\/\/linitiative.ca\/International\/wp-json\/wp\/v2\/posts\/67525","targetHints":{"allow":["GET"]}}],"collection":[{"href":"https:\/\/linitiative.ca\/International\/wp-json\/wp\/v2\/posts"}],"about":[{"href":"https:\/\/linitiative.ca\/International\/wp-json\/wp\/v2\/types\/post"}],"author":[{"embeddable":true,"href":"https:\/\/linitiative.ca\/International\/wp-json\/wp\/v2\/users\/1969"}],"replies":[{"embeddable":true,"href":"https:\/\/linitiative.ca\/International\/wp-json\/wp\/v2\/comments?post=67525"}],"version-history":[{"count":0,"href":"https:\/\/linitiative.ca\/International\/wp-json\/wp\/v2\/posts\/67525\/revisions"}],"wp:attachment":[{"href":"https:\/\/linitiative.ca\/International\/wp-json\/wp\/v2\/media?parent=67525"}],"wp:term":[{"taxonomy":"category","embeddable":true,"href":"https:\/\/linitiative.ca\/International\/wp-json\/wp\/v2\/categories?post=67525"},{"taxonomy":"post_tag","embeddable":true,"href":"https:\/\/linitiative.ca\/International\/wp-json\/wp\/v2\/tags?post=67525"}],"curies":[{"name":"wp","href":"https:\/\/api.w.org\/{rel}","templated":true}]}}