{"id":67526,"date":"2019-11-14T11:51:44","date_gmt":"2019-11-14T16:51:44","guid":{"rendered":"https:\/\/linitiative.ca\/International\/la-bad-integre-le-capital-de-lafrica-finance-corporation\/"},"modified":"2019-11-14T11:51:44","modified_gmt":"2019-11-14T16:51:44","slug":"la-bad-integre-le-capital-de-lafrica-finance-corporation","status":"publish","type":"post","link":"https:\/\/linitiative.ca\/International\/la-bad-integre-le-capital-de-lafrica-finance-corporation\/","title":{"rendered":"La BAD int\u00e8gre le capital de l\u2019Africa Finance Corporation"},"content":{"rendered":"<div class=\"featured-area featured-area-inner\"><img loading=\"lazy\" decoding=\"async\" width=\"678\" height=\"381\" src=\"https:\/\/i1.wp.com\/ecomatin.net\/wp-content\/uploads\/2019\/11\/La-Banque-africaine-de-developpement.jpg?resize=678%2C381&#038;ssl=1\" class=\"attachment-jannah-image-post size-jannah-image-post wp-post-image\" alt=\"\" srcset=\"https:\/\/i1.wp.com\/ecomatin.net\/wp-content\/uploads\/2019\/11\/La-Banque-africaine-de-developpement.jpg?w=678&#038;ssl=1 678w, https:\/\/i1.wp.com\/ecomatin.net\/wp-content\/uploads\/2019\/11\/La-Banque-africaine-de-developpement.jpg?resize=300%2C169&#038;ssl=1 300w, https:\/\/i1.wp.com\/ecomatin.net\/wp-content\/uploads\/2019\/11\/La-Banque-africaine-de-developpement.jpg?resize=390%2C220&#038;ssl=1 390w\" sizes=\"auto, (max-width: 678px) 100vw, 678px\" data-attachment-id=\"14490\" data-permalink=\"https:\/\/ecomatin.net\/la-bad-integre-le-capital-de-lafrica-finance-corporation\/la-banque-africaine-de-developpement\/\" data-orig-file=\"https:\/\/i1.wp.com\/ecomatin.net\/wp-content\/uploads\/2019\/11\/La-Banque-africaine-de-developpement.jpg?fit=678%2C381&#038;ssl=1\" data-orig-size=\"678,381\" data-comments-opened=\"0\" data-image-meta=\"{\"aperture\":\"0\",\"credit\":\"\",\"camera\":\"\",\"caption\":\"\",\"created_timestamp\":\"0\",\"copyright\":\"\",\"focal_length\":\"0\",\"iso\":\"0\",\"shutter_speed\":\"0\",\"title\":\"\",\"orientation\":\"0\"}\" data-image-title=\"La Banque africaine de developpement\" data-image-description=\"\" data-medium-file=\"https:\/\/i1.wp.com\/ecomatin.net\/wp-content\/uploads\/2019\/11\/La-Banque-africaine-de-developpement.jpg?fit=300%2C169&#038;ssl=1\" data-large-file=\"https:\/\/i1.wp.com\/ecomatin.net\/wp-content\/uploads\/2019\/11\/La-Banque-africaine-de-developpement.jpg?fit=678%2C381&#038;ssl=1\"\/><\/div>\n<div class=\"entry-content entry clearfix\" readability=\"62\">\n<p>L\u2019investissement de la BAD dans l\u2019AFC va permettre aux deux institutions d\u2019acc\u00e9l\u00e9rer le d\u00e9veloppement des infrastructures et la prestation sur le continent en renfor\u00e7ant les possibilit\u00e9s de cofinancement, la mise en \u0153uvre conjointe, le transfert des connaissances et le d\u00e9veloppement des capacit\u00e9s au profit de l\u2019Afrique. L\u2019arriv\u00e9e de la BAD en tant qu\u2019actionnaire et membre DFI (institution de financement du d\u00e9veloppement) de l\u2019AFC compl\u00e8te la strat\u00e9gie de l\u2019AFC qui s\u2019attaque au probl\u00e8me du manque d\u2019infrastructures en Afrique, avec la mission affich\u00e9e de la BAD de contribuer \u00e0 r\u00e9duire la pauvret\u00e9, d\u2019am\u00e9liorer les conditions de vie des Africains et de mobiliser des ressources au profit du d\u00e9veloppement \u00e9conomique et social du continent.<\/p>\n<p>La prise de participation dans l\u2019AFC \u00e9largit encore l\u2019actionnariat de l\u2019AFC et fait suite aux investissements effectu\u00e9s r\u00e9cemment dans l\u2019African Re-Insurance Corporation de l\u2019AFC et la R\u00e9publique du Ghana. Dans le cadre de la prise de participation, la BAD sera repr\u00e9sent\u00e9e au conseil d\u2019administration de l\u2019AFC. <em>\u00ab L\u2019AFC accueille chaleureusement la BAD en tant qu\u2019actionnaire et partenaire strat\u00e9gique, avec lequel nous allons poursuivre notre collaboration pour combler le manque d\u2019infrastructures en Afrique et relever les d\u00e9fis de l\u2019environnement commercial. Le mandat de l\u2019AFC s\u2019inscrit strat\u00e9giquement dans l\u2019objectif de la BAD d\u2019int\u00e9grer, de dynamiser et d\u2019industrialiser l\u2019Afrique \u00bb<\/em>, a relev\u00e9\u00a0<strong>Samaila Zubairu<\/strong>, pr\u00e9sident-directeur g\u00e9n\u00e9ral de l\u2019AFC.<\/p>\n<p>Pour\u00a0<strong>Akinwumi Adesina<\/strong>, pr\u00e9sident de la Banque africaine de d\u00e9veloppement, l\u2019institution financi\u00e8re panafricaine partage la vision de l\u2019AFC qui consiste \u00e0 \u00e9laborer des r\u00e9ponses africaines au d\u00e9veloppement socio-\u00e9conomique du continent.<em>\u00a0\u00ab\u00a0Jusqu\u2019\u00e0 pr\u00e9sent, nous avons d\u00e9j\u00e0 travaill\u00e9 de concert \u00e0 la r\u00e9alisation de projets de transformation qui ont eu un impact tangible au fil des ans\u00a0\u00bb,<\/em> indique-t-il. En devenant actionnaire, ce d\u00e9veloppement est donc une \u00e9volution naturelle de notre partenariat, qui permettra \u00e0 son tour d\u2019apporter des solutions aux d\u00e9fis que posent les infrastructures en Afrique, \u00e0 un rythme plus rapide. Ces solutions seront conformes aux normes les plus \u00e9lev\u00e9es, elles cr\u00e9eront de la valeur pour les acteurs int\u00e9ress\u00e9s et favoriseront le d\u00e9veloppement durable et la croissance \u00e9conomique sur le continent africain.<\/p>\n<div class=\"about-author about-author-box container-wrapper\">\n<div class=\"author-avatar\"><img decoding=\"async\" src=\"http:\/\/\" alt=\"\"\/><\/div>\n<p><h4>La R\u00e9daction EcoMatin<\/h4>\n<\/p>\n<\/div>\n<div class=\"awac-wrapper awac widget blog_subscription-2\">\n<h4 class=\"widget-title\">Abonnez-vous \u00e0 notre lettre d&rsquo;information<\/h4>\n<\/div>\n<\/div>\n<p>Auteur: EcoMatin<br \/>\n<a href=\"https:\/\/ecomatin.net\/la-bad-integre-le-capital-de-lafrica-finance-corporation\/\">Cliquez ici pour lire l&rsquo;article depuis sa source.<\/a><\/p>\n","protected":false},"excerpt":{"rendered":"<p>L\u2019investissement de la BAD dans l\u2019AFC va permettre aux deux institutions d\u2019acc\u00e9l\u00e9rer le d\u00e9veloppement des infrastructures et la prestation sur le continent en renfor\u00e7ant les possibilit\u00e9s de cofinancement, la mise en \u0153uvre conjointe, le transfert des connaissances et le d\u00e9veloppement des capacit\u00e9s au profit de l\u2019Afrique. L\u2019arriv\u00e9e de la BAD en tant qu\u2019actionnaire et membre [&hellip;]<\/p>\n","protected":false},"author":1969,"featured_media":0,"comment_status":"closed","ping_status":"closed","sticky":false,"template":"","format":"standard","meta":{"fifu_image_url":"","fifu_image_alt":"","footnotes":""},"categories":[82,78],"tags":[],"class_list":["post-67526","post","type-post","status-publish","format-standard","hentry","category-cameroun","category-economie"],"_links":{"self":[{"href":"https:\/\/linitiative.ca\/International\/wp-json\/wp\/v2\/posts\/67526","targetHints":{"allow":["GET"]}}],"collection":[{"href":"https:\/\/linitiative.ca\/International\/wp-json\/wp\/v2\/posts"}],"about":[{"href":"https:\/\/linitiative.ca\/International\/wp-json\/wp\/v2\/types\/post"}],"author":[{"embeddable":true,"href":"https:\/\/linitiative.ca\/International\/wp-json\/wp\/v2\/users\/1969"}],"replies":[{"embeddable":true,"href":"https:\/\/linitiative.ca\/International\/wp-json\/wp\/v2\/comments?post=67526"}],"version-history":[{"count":0,"href":"https:\/\/linitiative.ca\/International\/wp-json\/wp\/v2\/posts\/67526\/revisions"}],"wp:attachment":[{"href":"https:\/\/linitiative.ca\/International\/wp-json\/wp\/v2\/media?parent=67526"}],"wp:term":[{"taxonomy":"category","embeddable":true,"href":"https:\/\/linitiative.ca\/International\/wp-json\/wp\/v2\/categories?post=67526"},{"taxonomy":"post_tag","embeddable":true,"href":"https:\/\/linitiative.ca\/International\/wp-json\/wp\/v2\/tags?post=67526"}],"curies":[{"name":"wp","href":"https:\/\/api.w.org\/{rel}","templated":true}]}}