{"id":67527,"date":"2019-11-14T12:11:41","date_gmt":"2019-11-14T17:11:41","guid":{"rendered":"https:\/\/linitiative.ca\/International\/plus-de-2-300-entreprises-ont-ferme-au-cameroun-entre-2009-et-2016\/"},"modified":"2019-11-14T12:11:41","modified_gmt":"2019-11-14T17:11:41","slug":"plus-de-2-300-entreprises-ont-ferme-au-cameroun-entre-2009-et-2016","status":"publish","type":"post","link":"https:\/\/linitiative.ca\/International\/plus-de-2-300-entreprises-ont-ferme-au-cameroun-entre-2009-et-2016\/","title":{"rendered":"Plus de 2 300 entreprises ont ferm\u00e9 au Cameroun entre 2009 et 2016"},"content":{"rendered":"<p>Sur 6 458 entreprises cibl\u00e9es, 2 316 ont fait faillite au Cameroun entre 2009 et 2016. Selon l\u2019\u00e9tude que vient de rendre publique l\u2019Institut national de la statistique (INS), la quasi-totalit\u00e9 (environ 95%) ont arr\u00eat\u00e9 leurs activit\u00e9s avant 2014. Les d\u00e9terminants fondamentaux \u00e0 ce ph\u00e9nom\u00e8ne sont, par ordre d\u2019importance, la taille de l\u2019entreprise, le dipl\u00f4me du dirigeant (ou du principal promoteur) et la forme juridique de la soci\u00e9t\u00e9, souligne l\u2019INS.<\/p>\n<p>En effet, selon l\u2019enqu\u00eate, la taille de l\u2019entreprise semble \u00eatre la variable influen\u00e7ant le plus la mortalit\u00e9 desdites structures, le risque de disparition \u00e9tant d\u2019environ <strong>20%<\/strong> pour la moyenne entreprise (ME), <strong>31%<\/strong> pour une petite entreprise (PE) et <strong>39%<\/strong> pour une tr\u00e8s petite entreprise (TPE).<\/p>\n<p>Les r\u00e9sultats obtenus par l\u2019INS montrent \u00e9galement que, relativement \u00e0 une entreprise dont le dirigeant est titulaire d\u2019un Master ou d\u2019un dipl\u00f4me d\u2019\u00e9tudes approfondies, celles dirig\u00e9es par un promoteur poss\u00e9dant un brevet de technicien sup\u00e9rieur (<strong>BTS<\/strong>) ou une licence, ont 7% de risques suppl\u00e9mentaires de cesser leurs activit\u00e9s. Le risque suppl\u00e9mentaire \u00e9tant de <strong>12%<\/strong> pour celles dont le dirigeant revendique le niveau du baccalaur\u00e9at.<\/p>\n<p>S\u2019agissant de la forme juridique de l\u2019entreprise, la m\u00eame \u00e9tude montre que relativement \u00e0 une soci\u00e9t\u00e9 anonyme \u00e0 responsabilit\u00e9 limit\u00e9e (<strong>SARL<\/strong>), une entreprise individuelle <strong>(EI<\/strong>) a <strong>9%<\/strong> de chance de plus de cesser ses activit\u00e9s.<\/p>\n<p>Il convient de pr\u00e9ciser que les Petites et moyennes entreprises (<strong>PME<\/strong>) au Cameroun repr\u00e9sentent plus de\u00a0<strong>90%\u00a0<\/strong>du tissu \u00e9conomique du pays. D\u2019apr\u00e8s l\u2019INS, elles contribuent\u00a0\u00a0\u00e0 pr\u00e8s de\u00a0<strong>35 %<\/strong>\u00a0du produit int\u00e9rieur brut (<strong>PIB<\/strong>) du pays. Selon plusieurs \u00e9tudes,\u00a0\u00a0la dur\u00e9e de vie des PME exc\u00e8de rarement 10 ans, conjonctions de plusieurs facteurs, dont l\u2019absence des financements bancaires pour consolider l\u2019activit\u00e9 et le manque de moyens financiers.<\/p>\n<p><em>\u00ab Le non-paiement de la dette int\u00e9rieure impacte n\u00e9gativement les performances des entreprises camerounaises en g\u00e9n\u00e9ral et les PME en particulier. Nous continuons \u00e0 dialoguer avec l\u2019\u00c9tat car nous pensons que c\u2019est d\u2019abord un probl\u00e8me de volont\u00e9 politique et nous ne d\u00e9sesp\u00e9rons de le convaincre. Des PME prosp\u00e8res, c\u2019est plus de croissance inclusive, plus de richesses pour le pays, plus de moyens pour l\u2019\u00c9tat, et plus d\u2019emplois pour les camerounais \u00bb<\/em>, confiait\u00a0<strong>Protais Ayangma<\/strong>, pr\u00e9sident du regroupement patronal <strong>Ecam<\/strong>, dans une interview accord\u00e9e en juin dernier \u00e0 <strong>EcoMatin.<\/strong><\/p>\n<div class=\"about-author about-author-box container-wrapper\">\n<div class=\"author-avatar\"><img decoding=\"async\" src=\"http:\/\/\" alt=\"\"\/><\/div>\n<p><h4>La R\u00e9daction EcoMatin<\/h4>\n<\/p>\n<\/div>\n<div class=\"awac-wrapper awac widget blog_subscription-2\">\n<h4 class=\"widget-title\">Abonnez-vous \u00e0 notre lettre d&rsquo;information<\/h4>\n<\/div>\n<p>Auteur: EcoMatin<br \/>\n<a href=\"https:\/\/ecomatin.net\/plus-de-2-300-entreprises-ont-ferme-au-cameroun-entre-2009-et-2016\/\">Cliquez ici pour lire l&rsquo;article depuis sa source.<\/a><\/p>\n","protected":false},"excerpt":{"rendered":"<p>Sur 6 458 entreprises cibl\u00e9es, 2 316 ont fait faillite au Cameroun entre 2009 et 2016. Selon l\u2019\u00e9tude que vient de rendre publique l\u2019Institut national de la statistique (INS), la quasi-totalit\u00e9 (environ 95%) ont arr\u00eat\u00e9 leurs activit\u00e9s avant 2014. Les d\u00e9terminants fondamentaux \u00e0 ce ph\u00e9nom\u00e8ne sont, par ordre d\u2019importance, la taille de l\u2019entreprise, le dipl\u00f4me [&hellip;]<\/p>\n","protected":false},"author":1969,"featured_media":0,"comment_status":"closed","ping_status":"closed","sticky":false,"template":"","format":"standard","meta":{"fifu_image_url":"","fifu_image_alt":"","footnotes":""},"categories":[82,78],"tags":[],"class_list":["post-67527","post","type-post","status-publish","format-standard","hentry","category-cameroun","category-economie"],"_links":{"self":[{"href":"https:\/\/linitiative.ca\/International\/wp-json\/wp\/v2\/posts\/67527","targetHints":{"allow":["GET"]}}],"collection":[{"href":"https:\/\/linitiative.ca\/International\/wp-json\/wp\/v2\/posts"}],"about":[{"href":"https:\/\/linitiative.ca\/International\/wp-json\/wp\/v2\/types\/post"}],"author":[{"embeddable":true,"href":"https:\/\/linitiative.ca\/International\/wp-json\/wp\/v2\/users\/1969"}],"replies":[{"embeddable":true,"href":"https:\/\/linitiative.ca\/International\/wp-json\/wp\/v2\/comments?post=67527"}],"version-history":[{"count":0,"href":"https:\/\/linitiative.ca\/International\/wp-json\/wp\/v2\/posts\/67527\/revisions"}],"wp:attachment":[{"href":"https:\/\/linitiative.ca\/International\/wp-json\/wp\/v2\/media?parent=67527"}],"wp:term":[{"taxonomy":"category","embeddable":true,"href":"https:\/\/linitiative.ca\/International\/wp-json\/wp\/v2\/categories?post=67527"},{"taxonomy":"post_tag","embeddable":true,"href":"https:\/\/linitiative.ca\/International\/wp-json\/wp\/v2\/tags?post=67527"}],"curies":[{"name":"wp","href":"https:\/\/api.w.org\/{rel}","templated":true}]}}