{"id":67528,"date":"2019-11-14T12:32:55","date_gmt":"2019-11-14T17:32:55","guid":{"rendered":"https:\/\/linitiative.ca\/International\/de-nombreux-accords-de-partenariat-attendus-au-forum-africain-des-infrastructures\/"},"modified":"2019-11-14T12:32:55","modified_gmt":"2019-11-14T17:32:55","slug":"de-nombreux-accords-de-partenariat-attendus-au-forum-africain-des-infrastructures","status":"publish","type":"post","link":"https:\/\/linitiative.ca\/International\/de-nombreux-accords-de-partenariat-attendus-au-forum-africain-des-infrastructures\/","title":{"rendered":"De nombreux accords de partenariat attendus au Forum africain des infrastructures"},"content":{"rendered":"<p>Les \u00e9tudes r\u00e9alis\u00e9es par les institutions internationales constatent des liaisons inefficaces entre les diff\u00e9rents modes de transport (a\u00e9rien, routier et ferroviaire). Mais aussi, des ports mal \u00e9quip\u00e9s, des r\u00e9seaux ferroviaires obsol\u00e8tes et un acc\u00e8s insuffisant aux routes utilisables en toutes saisons, constituent les probl\u00e8mes fondamentaux auxquels est confront\u00e9 le syst\u00e8me des transports en Afrique.<\/p>\n<p>A la s\u00e9ance l\u2019ouverture de ce forum, qui connait la participation de plus\u00a0<strong>400 acteurs<\/strong>\u00a0de\u00a0<strong>20 pays<\/strong>\u00a0repr\u00e9sentant les secteurs public et priv\u00e9 et les diff\u00e9rents domaines \u00e9conomiques, les intervenants ont soulign\u00e9 l\u2019importance de renforcer la coop\u00e9ration intra-africaine, notamment en d\u00e9veloppant des projets dans le domaine des infrastructures routi\u00e8res, portuaires et a\u00e9roportuaires.<\/p>\n<p><strong>Dieudonn\u00e9 Bondoma Yokono,\u00a0<\/strong>pr\u00e9sident<strong>\u00a0<\/strong>du Conseil d\u2019appui \u00e0 la r\u00e9alisation des contrats de partenariats (<strong>CARPA<\/strong>), a relev\u00e9 qu\u2019un tel forum peut permettre au Cameroun de tirer profit de l\u2019exp\u00e9rience des autres en mati\u00e8re de construction de routes et d\u2019\u00e9quipements publics.\u00a0<em>\u00ab\u00a0Nos attentes c\u2019est de tirer profit de l\u2019exp\u00e9rience de ceux qui ont une longueur d\u2019avance sur nous et de mettre tout cela en relation avec notre propre programme de d\u00e9veloppement. Il s\u2019agit de voir quelles sont les actions prioritaires sur lesquelles nous devons jouer afin d\u2019acc\u00e9l\u00e9rer la croissance \u00e9conomique dans notre pays \u00bb<\/em>, a-t-il dit.<\/p>\n<p>A travers cette plateforme, les intervenants ont insist\u00e9 \u00e9galement sur la n\u00e9cessit\u00e9 de soutenir les projets de partenariat strat\u00e9gique comme les corridors en vue d\u2019acc\u00e9l\u00e9rer l\u2019int\u00e9gration \u00e9conomique r\u00e9gionale. Une multitude d\u2019initiatives existe, apprend-on, mais de nombreux obstacles subsistent encore pour esp\u00e9rer un maillage complet du continent. Il sera donc question de tenter de mobiliser l\u2019ensemble des parties prenantes autour d\u2019une vision d\u2019int\u00e9gration des infrastructures<em>. \u00ab Notre pays a besoin des infrastructures de transport. Nous sommes pr\u00e9sents au forum pour nouer des partenariats, trouver des investisseurs, des financements afin de relever le niveau d\u2019infrastructures de transport en RCA\u00a0\u00bb,<\/em>\u00a0affirme\u00a0<strong>Arnaud Djoubaye Abazene,\u00a0<\/strong>ministre centrafricain des Transports.<\/p>\n<p>Par ailleurs, diverses th\u00e9matiques sont au c\u0153ur de ce rendez-vous qui se referme vendredi 15 novembre. Notamment, l\u2019implication du secteur priv\u00e9 dans la r\u00e9alisation des projets d\u2019infrastructures ainsi que l\u2019apport des TIC dans la r\u00e9duction du d\u00e9ficit infrastructurel africain. Le th\u00e8me de cette \u00e9dition 2019 se propose de s\u2019int\u00e9resser sur l\u2019\u00e9mergence du continent, une Afrique dynamique et capable de lancer des projets structurants ambitieux et performants dans le domaine des infrastructures de transport.<\/p>\n<div class=\"about-author about-author-box container-wrapper\">\n<div class=\"author-avatar\"><img decoding=\"async\" src=\"http:\/\/\" alt=\"\"\/><\/div>\n<p><h4>La R\u00e9daction EcoMatin<\/h4>\n<\/p>\n<\/div>\n<div class=\"awac-wrapper awac widget blog_subscription-2\">\n<h4 class=\"widget-title\">Abonnez-vous \u00e0 notre lettre d&rsquo;information<\/h4>\n<\/div>\n<p>Auteur: EcoMatin<br \/>\n<a href=\"https:\/\/ecomatin.net\/de-nombreux-accords-de-partenariat-attendus-au-forum-africain-des-infrastructures\/\">Cliquez ici pour lire l&rsquo;article depuis sa source.<\/a><\/p>\n","protected":false},"excerpt":{"rendered":"<p>Les \u00e9tudes r\u00e9alis\u00e9es par les institutions internationales constatent des liaisons inefficaces entre les diff\u00e9rents modes de transport (a\u00e9rien, routier et ferroviaire). Mais aussi, des ports mal \u00e9quip\u00e9s, des r\u00e9seaux ferroviaires obsol\u00e8tes et un acc\u00e8s insuffisant aux routes utilisables en toutes saisons, constituent les probl\u00e8mes fondamentaux auxquels est confront\u00e9 le syst\u00e8me des transports en Afrique. A [&hellip;]<\/p>\n","protected":false},"author":1969,"featured_media":0,"comment_status":"closed","ping_status":"closed","sticky":false,"template":"","format":"standard","meta":{"fifu_image_url":"","fifu_image_alt":"","footnotes":""},"categories":[82,78],"tags":[],"class_list":["post-67528","post","type-post","status-publish","format-standard","hentry","category-cameroun","category-economie"],"_links":{"self":[{"href":"https:\/\/linitiative.ca\/International\/wp-json\/wp\/v2\/posts\/67528","targetHints":{"allow":["GET"]}}],"collection":[{"href":"https:\/\/linitiative.ca\/International\/wp-json\/wp\/v2\/posts"}],"about":[{"href":"https:\/\/linitiative.ca\/International\/wp-json\/wp\/v2\/types\/post"}],"author":[{"embeddable":true,"href":"https:\/\/linitiative.ca\/International\/wp-json\/wp\/v2\/users\/1969"}],"replies":[{"embeddable":true,"href":"https:\/\/linitiative.ca\/International\/wp-json\/wp\/v2\/comments?post=67528"}],"version-history":[{"count":0,"href":"https:\/\/linitiative.ca\/International\/wp-json\/wp\/v2\/posts\/67528\/revisions"}],"wp:attachment":[{"href":"https:\/\/linitiative.ca\/International\/wp-json\/wp\/v2\/media?parent=67528"}],"wp:term":[{"taxonomy":"category","embeddable":true,"href":"https:\/\/linitiative.ca\/International\/wp-json\/wp\/v2\/categories?post=67528"},{"taxonomy":"post_tag","embeddable":true,"href":"https:\/\/linitiative.ca\/International\/wp-json\/wp\/v2\/tags?post=67528"}],"curies":[{"name":"wp","href":"https:\/\/api.w.org\/{rel}","templated":true}]}}