{"id":67531,"date":"2019-11-15T08:56:40","date_gmt":"2019-11-15T13:56:40","guid":{"rendered":"https:\/\/linitiative.ca\/International\/la-protection-sociale-dans-le-domaine-du-handicap-au-maroc-en-debat\/"},"modified":"2019-11-15T08:56:40","modified_gmt":"2019-11-15T13:56:40","slug":"la-protection-sociale-dans-le-domaine-du-handicap-au-maroc-en-debat","status":"publish","type":"post","link":"https:\/\/linitiative.ca\/International\/la-protection-sociale-dans-le-domaine-du-handicap-au-maroc-en-debat\/","title":{"rendered":"La protection sociale dans le domaine du handicap  au Maroc en d\u00e9bat"},"content":{"rendered":"<p><img decoding=\"async\" class=\"post_layout_5_img\" src=\"http:\/\/aujourdhui.ma\/wp-content\/uploads\/2019\/11\/FONDATION-OCP.jpg?x29840\" alt=\"La protection sociale dans le domaine du handicap au Maroc en d\u00e9bat\"\/><\/p>\n<p class=\"p1\"><span class=\"c4\"><strong><em>La Fondation OCP organise un s\u00e9minaire \u00e0 Casablanca<\/em><\/strong><\/span><span id=\"more-323695\"\/><\/p>\n<p class=\"p1\"><span class=\"s1\">La Fondation OCP a organis\u00e9, mardi \u00e0 Casablanca, en partenariat avec Humanit\u00e9 &#038; Inclusion (anciennement Handicap International), un s\u00e9minaire sous la th\u00e9matique des \u00ab Enjeux de la professionnalisation des \u00e9tablissements de protection sociale au Maroc : le secteur du handicap \u00bb.<\/span><\/p>\n<p class=\"p1\"><span class=\"s1\">Cette rencontre vise \u00e0 r\u00e9unir et encourager le d\u00e9bat entre les professionnels des \u00e9tablissements de protection sociale (EPS), les acteurs institutionnels charg\u00e9s de r\u00e9guler le fonctionnement de ces \u00e9tablissements et les professionnels de la formation en travail social, souligne la Fondation dans un communiqu\u00e9. L\u2019accent est mis, lors des \u00e9changes, sur la question de la qualit\u00e9 de la prise en charge des usagers et des comp\u00e9tences requises pour sa pleine r\u00e9alisation, fait-on observer.<\/span><\/p>\n<p class=\"p1\"><span class=\"s1\">Cette rencontre s\u2019inscrit dans le cadre de la cl\u00f4ture du projet Jawda qui est men\u00e9 par la Fondation OCP en partenariat avec \u00ab Humanit\u00e9 &#038; Inclusion \u00bb.<\/span><\/p>\n<p class=\"p1\"><span class=\"s1\">Selon la Fondation, ce projet vise \u00e0 am\u00e9liorer les conditions de vie, l\u2019autonomie et la participation sociale des personnes en situation de handicap au Maroc en favorisant leur prise en charge au sein de services de qualit\u00e9 \u00e0 travers le renforcement de la qualit\u00e9 et la p\u00e9rennit\u00e9 des prestations offertes dans les \u00e9tablissements m\u00e9dico-sociaux.\u00a0<\/span><\/p>\n<p class=\"p1\"><span class=\"s1\">Le projet Jawda s\u2019inscrit pleinement dans le cadre de la strat\u00e9gie nationale en vue de la mise en place d\u2019une politique publique en mati\u00e8re de handicap.<\/span><\/p>\n<p class=\"p1\"><span class=\"s1\">Par l\u2019interm\u00e9diaire de ce projet, la Fondation OCP souhaite encourager l\u2019am\u00e9lioration des pratiques des professionnels et d\u00e9velopper les capacit\u00e9s de bonne gouvernance des \u00e9tablissements qu\u2019elle soutient pour donner plus de sens, d\u2019efficacit\u00e9 et d\u2019impacts durables aux appuis financiers apport\u00e9s aux \u00e9tablissements.<\/span><\/p>\n<p>Auteur: ALM<br \/>\n<a href=\"http:\/\/aujourdhui.ma\/societe\/la-protection-sociale-dans-le-domaine-du-handicap-au-maroc-en-debat\">Cliquez ici pour lire l&rsquo;article depuis sa source.<\/a><\/p>\n","protected":false},"excerpt":{"rendered":"<p>La Fondation OCP organise un s\u00e9minaire \u00e0 Casablanca La Fondation OCP a organis\u00e9, mardi \u00e0 Casablanca, en partenariat avec Humanit\u00e9 &#038; Inclusion (anciennement Handicap International), un s\u00e9minaire sous la th\u00e9matique des \u00ab Enjeux de la professionnalisation des \u00e9tablissements de protection sociale au Maroc : le secteur du handicap \u00bb. Cette rencontre vise \u00e0 r\u00e9unir et [&hellip;]<\/p>\n","protected":false},"author":1759,"featured_media":0,"comment_status":"closed","ping_status":"closed","sticky":false,"template":"","format":"standard","meta":{"fifu_image_url":"","fifu_image_alt":"","footnotes":""},"categories":[73,54],"tags":[],"class_list":["post-67531","post","type-post","status-publish","format-standard","hentry","category-actualite","category-maroc"],"_links":{"self":[{"href":"https:\/\/linitiative.ca\/International\/wp-json\/wp\/v2\/posts\/67531","targetHints":{"allow":["GET"]}}],"collection":[{"href":"https:\/\/linitiative.ca\/International\/wp-json\/wp\/v2\/posts"}],"about":[{"href":"https:\/\/linitiative.ca\/International\/wp-json\/wp\/v2\/types\/post"}],"author":[{"embeddable":true,"href":"https:\/\/linitiative.ca\/International\/wp-json\/wp\/v2\/users\/1759"}],"replies":[{"embeddable":true,"href":"https:\/\/linitiative.ca\/International\/wp-json\/wp\/v2\/comments?post=67531"}],"version-history":[{"count":0,"href":"https:\/\/linitiative.ca\/International\/wp-json\/wp\/v2\/posts\/67531\/revisions"}],"wp:attachment":[{"href":"https:\/\/linitiative.ca\/International\/wp-json\/wp\/v2\/media?parent=67531"}],"wp:term":[{"taxonomy":"category","embeddable":true,"href":"https:\/\/linitiative.ca\/International\/wp-json\/wp\/v2\/categories?post=67531"},{"taxonomy":"post_tag","embeddable":true,"href":"https:\/\/linitiative.ca\/International\/wp-json\/wp\/v2\/tags?post=67531"}],"curies":[{"name":"wp","href":"https:\/\/api.w.org\/{rel}","templated":true}]}}