{"id":67532,"date":"2019-11-15T09:12:54","date_gmt":"2019-11-15T14:12:54","guid":{"rendered":"https:\/\/linitiative.ca\/International\/forum-des-ministres-de-la-culture-a-paris\/"},"modified":"2019-11-15T09:12:54","modified_gmt":"2019-11-15T14:12:54","slug":"forum-des-ministres-de-la-culture-a-paris","status":"publish","type":"post","link":"https:\/\/linitiative.ca\/International\/forum-des-ministres-de-la-culture-a-paris\/","title":{"rendered":"Forum des ministres de la culture \u00e0 Paris"},"content":{"rendered":"<header>\n<div class=\"entry-post-meta\">\n<div class=\"author-link\">Publi\u00e9 par <a itemprop=\"author\" itemscope=\"\" itemtype=\"https:\/\/schema.org\/Person\" href=\"http:\/\/aujourdhui.ma\/author\/kaid\" rel=\"author\"><span itemprop=\"name\">ALM<\/span><\/a><\/div>\n<p>Date\u00a0:<time content=\"2019-11-15T15:12:54+00:00\" class=\"entry-date updated\" datetime=\"2019-11-15T15:12:54+00:00\">novembre 15, 2019<\/time><\/p>\n<div class=\"entry-cat\">dans:<a href=\"http:\/\/aujourdhui.ma\/category\/culture\" rel=\"category tag\">Culture<\/a><\/div>\n<p>0Vues<\/p>\n<\/div>\n<\/header>\n<div class=\"entry-content clearfix\" readability=\"46\"><img decoding=\"async\" class=\"post_layout_5_img\" src=\"http:\/\/aujourdhui.ma\/wp-content\/uploads\/2019\/09\/Unesco.jpg?x29840\" alt=\"Forum des ministres de la culture \u00e0 Paris\"\/><\/p>\n<p class=\"p1\"><span class=\"s1\"><span class=\"c4\"><strong>L\u2019Organisation des Nations Unies pour l\u2019\u00e9ducation, la science et la culture (Unesco), accueillera mardi prochain dans son si\u00e8ge \u00e0 Paris le Forum des ministres de la culture pour discuter de la place centrale de la culture dans les politiques publiques dans le monde et son impact sur le d\u00e9veloppement durable.<\/strong><\/span><\/span> <span id=\"more-323710\"\/><\/p>\n<p class=\"p1\"><span class=\"s1\">Plus de 130 ministres seront pr\u00e9sents \u00e0 cet \u00e9v\u00e9nement qualifi\u00e9 de \u00abmajeur\u00bb par l\u2019Unesco car il marquera un temps fort de la 40e session de la Conf\u00e9rence g\u00e9n\u00e9rale de l\u2019Unesco (12-27 novembre 2019). <em>\u00abIls partageront, \u00e0 cette occasion, leurs points de vue par le biais d\u2019\u00e9changes interactifs pour exposer leurs priorit\u00e9s en mati\u00e8re de politiques culturelles et leurs visions pour l\u2019avenir, en \u00e9cho aux d\u00e9fis et aux opportunit\u00e9s des soci\u00e9t\u00e9s contemporaines\u00bb<\/em>, indiquent les organisateurs.<\/span><\/p>\n<\/div>\n<p>Auteur: ALM<br \/>\n<a href=\"http:\/\/aujourdhui.ma\/culture\/forum-des-ministres-de-la-culture-a-paris\">Cliquez ici pour lire l&rsquo;article depuis sa source.<\/a><\/p>\n","protected":false},"excerpt":{"rendered":"<p>Publi\u00e9 par ALM Date\u00a0:novembre 15, 2019 dans:Culture 0Vues L\u2019Organisation des Nations Unies pour l\u2019\u00e9ducation, la science et la culture (Unesco), accueillera mardi prochain dans son si\u00e8ge \u00e0 Paris le Forum des ministres de la culture pour discuter de la place centrale de la culture dans les politiques publiques dans le monde et son impact sur [&hellip;]<\/p>\n","protected":false},"author":1759,"featured_media":0,"comment_status":"closed","ping_status":"closed","sticky":false,"template":"","format":"standard","meta":{"fifu_image_url":"","fifu_image_alt":"","footnotes":""},"categories":[73,54],"tags":[],"class_list":["post-67532","post","type-post","status-publish","format-standard","hentry","category-actualite","category-maroc"],"_links":{"self":[{"href":"https:\/\/linitiative.ca\/International\/wp-json\/wp\/v2\/posts\/67532","targetHints":{"allow":["GET"]}}],"collection":[{"href":"https:\/\/linitiative.ca\/International\/wp-json\/wp\/v2\/posts"}],"about":[{"href":"https:\/\/linitiative.ca\/International\/wp-json\/wp\/v2\/types\/post"}],"author":[{"embeddable":true,"href":"https:\/\/linitiative.ca\/International\/wp-json\/wp\/v2\/users\/1759"}],"replies":[{"embeddable":true,"href":"https:\/\/linitiative.ca\/International\/wp-json\/wp\/v2\/comments?post=67532"}],"version-history":[{"count":0,"href":"https:\/\/linitiative.ca\/International\/wp-json\/wp\/v2\/posts\/67532\/revisions"}],"wp:attachment":[{"href":"https:\/\/linitiative.ca\/International\/wp-json\/wp\/v2\/media?parent=67532"}],"wp:term":[{"taxonomy":"category","embeddable":true,"href":"https:\/\/linitiative.ca\/International\/wp-json\/wp\/v2\/categories?post=67532"},{"taxonomy":"post_tag","embeddable":true,"href":"https:\/\/linitiative.ca\/International\/wp-json\/wp\/v2\/tags?post=67532"}],"curies":[{"name":"wp","href":"https:\/\/api.w.org\/{rel}","templated":true}]}}