{"id":67533,"date":"2019-11-15T09:15:17","date_gmt":"2019-11-15T14:15:17","guid":{"rendered":"https:\/\/linitiative.ca\/International\/meknes-arrestation-dun-quinquagenaire-et-son-fils-trafiquants-de-drogue\/"},"modified":"2019-11-15T09:15:17","modified_gmt":"2019-11-15T14:15:17","slug":"meknes-arrestation-dun-quinquagenaire-et-son-fils-trafiquants-de-drogue","status":"publish","type":"post","link":"https:\/\/linitiative.ca\/International\/meknes-arrestation-dun-quinquagenaire-et-son-fils-trafiquants-de-drogue\/","title":{"rendered":"Mekn\u00e8s : Arrestation d\u2019un quinquag\u00e9naire  et son fils, trafiquants de drogue"},"content":{"rendered":"<header>\n<\/header>\n<div class=\"entry-content clearfix\" readability=\"48\"><img decoding=\"async\" class=\"post_layout_5_img\" src=\"http:\/\/aujourdhui.ma\/wp-content\/uploads\/2019\/10\/arrestation-police.jpg?x29840\" alt=\"Mekn\u00e8s : Arrestation d\u2019un quinquag\u00e9naire et son fils, trafiquants de drogue\"\/><\/p>\n<p class=\"p1\"><span class=\"c4\"><strong>Impliqu\u00e9s dans plusieurs affaires d\u2019agressions et de trafic de drogue, un quinquag\u00e9naire et son fils, \u00e2g\u00e9 de vingt ans, ont \u00e9t\u00e9 mis hors d\u2019\u00e9tat de nuire par les \u00e9l\u00e9ments de la police judiciaire pr\u00e9fectorale de Mekn\u00e8s, apprend-on d\u2019une source polici\u00e8re qui a ajout\u00e9 que les deux malfrats ont \u00e9t\u00e9 arr\u00eat\u00e9s juste au niveau de la r\u00e9gion Seba\u00e2 \u00c2youne.<\/strong><\/span><span id=\"more-323528\"\/><\/p>\n<p class=\"p1\">L\u2019affaire a \u00e9clat\u00e9 apr\u00e8s la disparition des insecticides agricoles du d\u00e9p\u00f4t appartenant \u00e0 une soci\u00e9t\u00e9 install\u00e9e \u00e0 Mekn\u00e8s. Une enqu\u00eate a \u00e9t\u00e9 diligent\u00e9e par la police. Les investigations qui ont \u00e9t\u00e9 men\u00e9es par les enqu\u00eateurs ont \u00e9t\u00e9 sold\u00e9es par l\u2019identification d\u2019un duo de malfrats. Il s\u2019agit d\u2019un p\u00e8re de famille de cinquante-et-un ans et de son fils.<\/p>\n<p class=\"p1\">La perquisition effectu\u00e9e chez eux a permis de d\u00e9couvrir vingt-cinq kilos de haschich, deux kilos de kif en tige et une voiture \u00e0 bord de laquelle ils circulaient pour commettre leurs crimes.<\/p>\n<\/div>\n<p>Auteur: ALM<br \/>\n<a href=\"http:\/\/aujourdhui.ma\/faits-divers\/meknes-arrestation-dun-quinquagenaire-et-son-fils-trafiquants-de-drogue\">Cliquez ici pour lire l&rsquo;article depuis sa source.<\/a><\/p>\n","protected":false},"excerpt":{"rendered":"<p>Impliqu\u00e9s dans plusieurs affaires d\u2019agressions et de trafic de drogue, un quinquag\u00e9naire et son fils, \u00e2g\u00e9 de vingt ans, ont \u00e9t\u00e9 mis hors d\u2019\u00e9tat de nuire par les \u00e9l\u00e9ments de la police judiciaire pr\u00e9fectorale de Mekn\u00e8s, apprend-on d\u2019une source polici\u00e8re qui a ajout\u00e9 que les deux malfrats ont \u00e9t\u00e9 arr\u00eat\u00e9s juste au niveau de la [&hellip;]<\/p>\n","protected":false},"author":1759,"featured_media":0,"comment_status":"closed","ping_status":"closed","sticky":false,"template":"","format":"standard","meta":{"fifu_image_url":"","fifu_image_alt":"","footnotes":""},"categories":[73,54],"tags":[],"class_list":["post-67533","post","type-post","status-publish","format-standard","hentry","category-actualite","category-maroc"],"_links":{"self":[{"href":"https:\/\/linitiative.ca\/International\/wp-json\/wp\/v2\/posts\/67533","targetHints":{"allow":["GET"]}}],"collection":[{"href":"https:\/\/linitiative.ca\/International\/wp-json\/wp\/v2\/posts"}],"about":[{"href":"https:\/\/linitiative.ca\/International\/wp-json\/wp\/v2\/types\/post"}],"author":[{"embeddable":true,"href":"https:\/\/linitiative.ca\/International\/wp-json\/wp\/v2\/users\/1759"}],"replies":[{"embeddable":true,"href":"https:\/\/linitiative.ca\/International\/wp-json\/wp\/v2\/comments?post=67533"}],"version-history":[{"count":0,"href":"https:\/\/linitiative.ca\/International\/wp-json\/wp\/v2\/posts\/67533\/revisions"}],"wp:attachment":[{"href":"https:\/\/linitiative.ca\/International\/wp-json\/wp\/v2\/media?parent=67533"}],"wp:term":[{"taxonomy":"category","embeddable":true,"href":"https:\/\/linitiative.ca\/International\/wp-json\/wp\/v2\/categories?post=67533"},{"taxonomy":"post_tag","embeddable":true,"href":"https:\/\/linitiative.ca\/International\/wp-json\/wp\/v2\/tags?post=67533"}],"curies":[{"name":"wp","href":"https:\/\/api.w.org\/{rel}","templated":true}]}}