{"id":67534,"date":"2019-11-15T09:22:43","date_gmt":"2019-11-15T14:22:43","guid":{"rendered":"https:\/\/linitiative.ca\/International\/tanger-un-pere-de-famille-se-donne-la-mort-par-pendaison\/"},"modified":"2019-11-15T09:22:43","modified_gmt":"2019-11-15T14:22:43","slug":"tanger-un-pere-de-famille-se-donne-la-mort-par-pendaison","status":"publish","type":"post","link":"https:\/\/linitiative.ca\/International\/tanger-un-pere-de-famille-se-donne-la-mort-par-pendaison\/","title":{"rendered":"Tanger : Un p\u00e8re de famille se donne la mort par pendaison"},"content":{"rendered":"<p><img decoding=\"async\" class=\"post_layout_5_img\" src=\"http:\/\/aujourdhui.ma\/wp-content\/uploads\/2018\/02\/Suicide-pendaison.jpg?x29840\" alt=\"Tanger : Un p\u00e8re de famille se donne la mort par pendaison\"\/><\/p>\n<p class=\"p1\"><span class=\"c4\"><strong>Un p\u00e8re de famille a mis fin \u00e0 ses jours, mardi soir, chez lui au quartier Al Inara relevant de la r\u00e9gion de Mesnana, \u00e0 Tanger.<\/strong><\/span><span id=\"more-323696\"\/><\/p>\n<p class=\"p1\">Cet homme de quarante-cinq ans a \u00e9t\u00e9 d\u00e9couvert pendu au plafond de la cuisine. Il a profit\u00e9 de l\u2019absence de sa famille pour passer \u00e0 l\u2019acte. Son cadavre a \u00e9t\u00e9 \u00e9vacu\u00e9 vers la morgue de l\u2019h\u00f4pital Duc de Tovar, \u00e0 Tanger, et une enqu\u00eate a \u00e9t\u00e9 diligent\u00e9e afin de d\u00e9terminer les circonstances et le mobile de ce suicide.<\/p>\n<p class=\"p1\">Rappelons qu\u2019il y a une semaine, dans la m\u00eame ville, un quinquag\u00e9naire, p\u00e8re de quatre enfants, s\u2019est donn\u00e9 la mort en se jetant depuis la terrasse de son domicile. Par ailleurs, au douar Afkir relevant de la commune rurale Ahdil, province de Chichaoua, une femme, la trentaine, a tent\u00e9 de mettre un terme \u00e0 sa vie, lundi dernier, vers le d\u00e9but du soir, en ingurgitant un insecticide. Evacu\u00e9e vers le service des urgences de l\u2019h\u00f4pital \u00e0 Chichaoua, elle a \u00e9t\u00e9 sauv\u00e9e de justesse.<\/p>\n<p class=\"p1\">A Ouled Ta\u00efma relevant de la province de Taroudant, un jeune homme a renonc\u00e9, dimanche dernier, \u00e0 se jeter dans le vide apr\u00e8s qu\u2019une personne l\u2019a convaincu, apr\u00e8s plus de trois heures de discussion, de ne pas se suicider.<\/p>\n<p>Auteur: Abderrafii ALOUMLIKI<br \/>\n<a href=\"http:\/\/aujourdhui.ma\/faits-divers\/tanger-un-pere-de-famille-se-donne-la-mort-par-pendaison\">Cliquez ici pour lire l&rsquo;article depuis sa source.<\/a><\/p>\n","protected":false},"excerpt":{"rendered":"<p>Un p\u00e8re de famille a mis fin \u00e0 ses jours, mardi soir, chez lui au quartier Al Inara relevant de la r\u00e9gion de Mesnana, \u00e0 Tanger. Cet homme de quarante-cinq ans a \u00e9t\u00e9 d\u00e9couvert pendu au plafond de la cuisine. Il a profit\u00e9 de l\u2019absence de sa famille pour passer \u00e0 l\u2019acte. Son cadavre a [&hellip;]<\/p>\n","protected":false},"author":1759,"featured_media":0,"comment_status":"closed","ping_status":"closed","sticky":false,"template":"","format":"standard","meta":{"fifu_image_url":"","fifu_image_alt":"","footnotes":""},"categories":[73,54],"tags":[],"class_list":["post-67534","post","type-post","status-publish","format-standard","hentry","category-actualite","category-maroc"],"_links":{"self":[{"href":"https:\/\/linitiative.ca\/International\/wp-json\/wp\/v2\/posts\/67534","targetHints":{"allow":["GET"]}}],"collection":[{"href":"https:\/\/linitiative.ca\/International\/wp-json\/wp\/v2\/posts"}],"about":[{"href":"https:\/\/linitiative.ca\/International\/wp-json\/wp\/v2\/types\/post"}],"author":[{"embeddable":true,"href":"https:\/\/linitiative.ca\/International\/wp-json\/wp\/v2\/users\/1759"}],"replies":[{"embeddable":true,"href":"https:\/\/linitiative.ca\/International\/wp-json\/wp\/v2\/comments?post=67534"}],"version-history":[{"count":0,"href":"https:\/\/linitiative.ca\/International\/wp-json\/wp\/v2\/posts\/67534\/revisions"}],"wp:attachment":[{"href":"https:\/\/linitiative.ca\/International\/wp-json\/wp\/v2\/media?parent=67534"}],"wp:term":[{"taxonomy":"category","embeddable":true,"href":"https:\/\/linitiative.ca\/International\/wp-json\/wp\/v2\/categories?post=67534"},{"taxonomy":"post_tag","embeddable":true,"href":"https:\/\/linitiative.ca\/International\/wp-json\/wp\/v2\/tags?post=67534"}],"curies":[{"name":"wp","href":"https:\/\/api.w.org\/{rel}","templated":true}]}}