{"id":67535,"date":"2019-11-15T05:21:33","date_gmt":"2019-11-15T10:21:33","guid":{"rendered":"https:\/\/linitiative.ca\/International\/le-maroc-entre-en-lice-ce-vendredi-face-a-la-mauritanie\/"},"modified":"2019-11-15T05:21:33","modified_gmt":"2019-11-15T10:21:33","slug":"le-maroc-entre-en-lice-ce-vendredi-face-a-la-mauritanie","status":"publish","type":"post","link":"https:\/\/linitiative.ca\/International\/le-maroc-entre-en-lice-ce-vendredi-face-a-la-mauritanie\/","title":{"rendered":"Le Maroc entre en lice ce vendredi face \u00e0 la Mauritanie"},"content":{"rendered":"<p class=\"has-text-color has-vivid-cyan-blue-color\"><strong>Les \u00e9liminatoires de la Coupe d\u2019Afrique des Nations (CAN 2021) vont d\u00e9buter lors de cette tr\u00eave internationale. L\u2019\u00e9quipe nationale de football effectue son entr\u00e9e en lice aujourd\u2019hui pour le compte de la premi\u00e8re journ\u00e9e de la phase de poules des \u00e9liminatoires de cette CAN (Groupe E).<\/strong><\/p>\n<p>L\u2019\u00e9quipe du Maroc rencontre son homologue de Mauritanie, vendredi, au complexe sportif Prince Moulay Abdellah \u00e0 20h00. Les joueurs de l\u2019\u00e9quipe nationale qui ont effectu\u00e9 depuis le d\u00e9but de la semaine, un stage de concentration au Centre national Ma\u00e2mora de Rabat, semblent fin pr\u00eats pour r\u00e9ussir le commencement face \u00e0 la Mauritanie en attendant la seconde confrontation, pr\u00e9vue mardi prochain \u00e0 l\u2019ext\u00e9rieur, contre le Burundi. Ce dernier a commenc\u00e9 par une d\u00e9faite inflig\u00e9e par le\u00a0 Centrafrique (2-0), mercredi dernier, pour le compte de l\u2019autre match du groupe.<\/p>\n<p><strong>Halilhodzic tacle Harit<\/strong><\/p>\n<p>Le Maroc, \u00e9limin\u00e9 en huiti\u00e8me de finale de la r\u00e9cente CAN remport\u00e9e par l\u2019Alg\u00e9rie face au S\u00e9n\u00e9gal sur la terre d\u2019Egypte, pense s\u00e9rieusement rebondir en assurant tout d\u2019abord la qualification \u00e0 la prochaine CAN 2021. Il commencer par deux 2 matches de la phase de poules des \u00e9liminatoires, ce vendredi face \u00e0 la Mauritanie et mardi prochain contre le Burundi.<\/p>\n<p>Cependant, Vahid Halilhod\u017ei\u0107 a retenu une s\u00e9lection de pas moins de 24 joueurs mais sans certains de ses titulaires dont Amine Harit et Younes Belhanda qui sont en m\u00e9forme alors qu\u2019Abderrazzak Hamdallah dont beaucoup d\u2019encre coulent toujours depuis son \u00e9clipse du temps de l\u2019ancien s\u00e9lectionneur, Herv\u00e9 Renard, vient de d\u00e9clarer sa retraite internationale. L\u2019actuel s\u00e9lectionneur qui ne voulait plus parler du cas de Hamdallah, explique surtout l\u2019\u00e9loignement d\u2019Amine Harit qui, pour le moment, n\u2019a pas s\u00e9lectionn\u00e9 Amine Harit pour les prochaines rencontres.<\/p>\n<p>Dans une conf\u00e9rence de presse tenue mercredi dernier, le s\u00e9lectionneur des Lions de l\u2019Atlas n\u2019a pas pris de pincettes lorsqu\u2019il s\u2019agissait d\u2019\u00e9voquer le rendement du joueur du Schalke 04. \u00abAmine Harit a eu une occasion et il a jou\u00e9. Je ne suis pas satisfait de son rendement technique et de son engagement. Depuis qu\u2019il est l\u00e0, il n\u2019a encore rien montr\u00e9. Et quand il ne joue pas il fait tout pour rentrer dans son club. Il ne faut pas faire preuve d\u2019\u00e9go\u00efsme. Il faut toujours respecter l\u2019\u00e9quipe nationale [\u2026] Je regarde tous ses matches avec Schalke, mais il faut montrer aussi en \u00e9quipe nationale. Aujourd\u2019hui, il ne m\u00e9rite pas (d\u2019\u00eatre appel\u00e9)\u00bb, a-t-il avou\u00e9.<\/p>\n<p>Par contre, Vahid Halilhodzic s\u2019est voulu rassurant sur l\u2019ambiance des autres joueurs dans le groupe. La Mauritanie est le premier adversaire du Maroc pour les \u00e9liminatoires de la CAN 2021. Apr\u00e8s une p\u00e9riode de tests et d\u2019observation, Vahid Halilhodzic entre dans le dur.<\/p>\n<p>\u00abAu sein du groupe, c\u2019est vraiment autre chose, au niveau de la s\u00e9r\u00e9nit\u00e9 et du comportement. Je suis assez satisfait. Mais bien s\u00fbr, il faut gagner ces deux premiers matchs, c\u2019est obligatoire. On ne peut pas se cacher. On a beaucoup observ\u00e9 l\u2019\u00e9quipe mauritanienne, Osian Roberts est all\u00e9 voir leur match, il les a film\u00e9s. On prend cette \u00e9quipe avec beaucoup de s\u00e9rieux\u00bb.<\/p>\n<p>A confirmer et par Vahid et par ses Lions\u2026<\/p>\n<p class=\"c2\"><strong>Rachid Lebchir<\/strong><\/p>\n<p>Auteur: M&rsquo;hammed rahal<br \/>\n<a href=\"http:\/\/albayane.press.ma\/le-maroc-entre-en-lice-ce-vendredi-face-a-la-mauritanie.html\">Cliquez ici pour lire l&rsquo;article depuis sa source.<\/a><\/p>\n","protected":false},"excerpt":{"rendered":"<p>Les \u00e9liminatoires de la Coupe d\u2019Afrique des Nations (CAN 2021) vont d\u00e9buter lors de cette tr\u00eave internationale. L\u2019\u00e9quipe nationale de football effectue son entr\u00e9e en lice aujourd\u2019hui pour le compte de la premi\u00e8re journ\u00e9e de la phase de poules des \u00e9liminatoires de cette CAN (Groupe E). L\u2019\u00e9quipe du Maroc rencontre son homologue de Mauritanie, vendredi, [&hellip;]<\/p>\n","protected":false},"author":1760,"featured_media":0,"comment_status":"closed","ping_status":"closed","sticky":false,"template":"","format":"standard","meta":{"fifu_image_url":"","fifu_image_alt":"","footnotes":""},"categories":[73,54],"tags":[],"class_list":["post-67535","post","type-post","status-publish","format-standard","hentry","category-actualite","category-maroc"],"_links":{"self":[{"href":"https:\/\/linitiative.ca\/International\/wp-json\/wp\/v2\/posts\/67535","targetHints":{"allow":["GET"]}}],"collection":[{"href":"https:\/\/linitiative.ca\/International\/wp-json\/wp\/v2\/posts"}],"about":[{"href":"https:\/\/linitiative.ca\/International\/wp-json\/wp\/v2\/types\/post"}],"author":[{"embeddable":true,"href":"https:\/\/linitiative.ca\/International\/wp-json\/wp\/v2\/users\/1760"}],"replies":[{"embeddable":true,"href":"https:\/\/linitiative.ca\/International\/wp-json\/wp\/v2\/comments?post=67535"}],"version-history":[{"count":0,"href":"https:\/\/linitiative.ca\/International\/wp-json\/wp\/v2\/posts\/67535\/revisions"}],"wp:attachment":[{"href":"https:\/\/linitiative.ca\/International\/wp-json\/wp\/v2\/media?parent=67535"}],"wp:term":[{"taxonomy":"category","embeddable":true,"href":"https:\/\/linitiative.ca\/International\/wp-json\/wp\/v2\/categories?post=67535"},{"taxonomy":"post_tag","embeddable":true,"href":"https:\/\/linitiative.ca\/International\/wp-json\/wp\/v2\/tags?post=67535"}],"curies":[{"name":"wp","href":"https:\/\/api.w.org\/{rel}","templated":true}]}}