{"id":67536,"date":"2019-11-15T05:31:40","date_gmt":"2019-11-15T10:31:40","guid":{"rendered":"https:\/\/linitiative.ca\/International\/le-pps-condamne-lagression-sioniste-contre-la-palestine\/"},"modified":"2019-11-15T05:31:40","modified_gmt":"2019-11-15T10:31:40","slug":"le-pps-condamne-lagression-sioniste-contre-la-palestine","status":"publish","type":"post","link":"https:\/\/linitiative.ca\/International\/le-pps-condamne-lagression-sioniste-contre-la-palestine\/","title":{"rendered":"Le PPS  condamne l\u2019agression sioniste contre la Palestine"},"content":{"rendered":"<p class=\"has-text-color has-vivid-cyan-blue-color\"><strong>Le Bureau politique du Parti du Progr\u00e8s et du socialisme suit et exprime sa ferme condamnation et r\u00e9probation de l\u2019offensive militaire que les forces d\u2019occupation sionistes m\u00e8nent sur la bande de Gaza pour renouer avec les crimes d\u2019assassinats terroristes sionistes perp\u00e9tr\u00e9s contre les Palestiniens.<\/strong><\/p>\n<p>Il s\u2019agit l\u00e0, estime le Bureau politique du PPS, d\u2019une violation flagrante du Droit international humanitaire et des conventions internationales.<\/p>\n<p>Le Bureau politique exprime son rejet total\u00a0de la nouvelle escalade isra\u00e9lienne, du ciblage et de l\u2019assassinat de dirigeants palestiniens et de l\u2019agression militaire men\u00e9e sur Gaza.<\/p>\n<p>Il estime qu\u2019il s\u2019agit l\u00e0 d\u2019une autre \u00e9tape dans la s\u00e9rie historique sanguinaire sioniste, qui confirme les tendances extr\u00e9mistes des autorit\u00e9s d\u2019occupation isra\u00e9lienne, appuy\u00e9es par le mutisme du monde, le soutien et la b\u00e9n\u00e9diction de nombreuses grandes puissances mondiales et la connivence de certains m\u00e9dias relevant des milieux imp\u00e9rialistes. Ces tendances sont susceptibles de tirer la r\u00e9gion vers davantage de violence, d\u2019instabilit\u00e9 et de menaces de la paix et de la s\u00e9curit\u00e9 internationale.<\/p>\n<p>Tout en attribuant la pleine\u00a0\u00a0responsabilit\u00e9 des suites de l\u2019escalade militaire sur la r\u00e9gion tout enti\u00e8re \u00e0 la force d\u2019occupation isra\u00e9lienne, le Bureau politique demande \u00e0 la communaut\u00e9 internationale d\u2019assumer ses responsabilit\u00e9s pour assurer la protection internationale des Palestiniens et d\u2019\u0153uvrer s\u00e9rieusement pour stopper en toute urgence la totalit\u00e9 des violations continues contre le peuple palestinien. Il l\u2019appelle aussi \u00e0 imposer le respect du Droit international et de la l\u00e9galit\u00e9 internationale, dans la perspective de demander des comptes aux criminels de cette guerre in\u00e9gale contre les fils du vaillant peuple palestinien r\u00e9sistant.<\/p>\n<p>Tout en r\u00e9it\u00e9rant sa solidarit\u00e9 absolue avec le peuple palestinien dans son combat pour la r\u00e9alisation de l\u2019ensemble de ses droits inali\u00e9nables et l\u00e9gitimes, pour sa libert\u00e9 et sa dignit\u00e9 et pour l\u2019\u00e9tablissement de son Etat ind\u00e9pendant avec Al Qods Ach-charif comme capitale, le Bureau politique souligne son enti\u00e8re conviction qu\u2019il est impossible de r\u00e9ussir la liquidation de la juste Cause palestinienne. Tout le monde doit prendre conscience que de telles l\u00e2ches agressions ne feront que renforcer davantage la t\u00e9nacit\u00e9 et la r\u00e9sistance du peuple palestinien et son attachement \u00e0 sa terre. Tout le monde doit comprendre qu\u2019il n\u2019y a pas d\u2019autre alternative que de rechercher une perspective politique v\u00e9ritable, de retourner \u00e0 la table des n\u00e9gociations et de lever l\u2019embargo injuste impos\u00e9 \u00e0 la Palestine.<\/p>\n<p>Le Bureau politique estime par ailleurs que la situation internationale, arabe et palestinienne actuelle impacte n\u00e9gativement la cause palestinienne.<\/p>\n<p>Il appelle toutes les forces politiques palestiniennes militantes \u00e0 activer le r\u00e9tablissement de l\u2019unit\u00e9 nationale palestinienne et de l\u2019entente inter-palestinienne. Il les exhorte aussi \u00e0 faire preuve du degr\u00e9 requis de vigilance pour couper la route devant les tentatives sionistes de m\u00ealer les cartes, en approfondissant la r\u00e9flexion sur sa politique militaire d\u2019agressions et son recours \u00e0 l\u2019utilisation macabre du sang palestinien comme carte \u00e9lectorale.<\/p>\n<p class=\"c2\"><strong>(B.P du PPS)<\/strong><\/p>\n<p class=\"c2\">Rabat, le 13 novembre 2019<\/p>\n<p>Auteur: M&rsquo;hammed rahal<br \/>\n<a href=\"http:\/\/albayane.press.ma\/le-pps-condamne-lagression-sioniste-contre-la-palestine.html\">Cliquez ici pour lire l&rsquo;article depuis sa source.<\/a><\/p>\n","protected":false},"excerpt":{"rendered":"<p>Le Bureau politique du Parti du Progr\u00e8s et du socialisme suit et exprime sa ferme condamnation et r\u00e9probation de l\u2019offensive militaire que les forces d\u2019occupation sionistes m\u00e8nent sur la bande de Gaza pour renouer avec les crimes d\u2019assassinats terroristes sionistes perp\u00e9tr\u00e9s contre les Palestiniens. Il s\u2019agit l\u00e0, estime le Bureau politique du PPS, d\u2019une violation [&hellip;]<\/p>\n","protected":false},"author":1760,"featured_media":0,"comment_status":"closed","ping_status":"closed","sticky":false,"template":"","format":"standard","meta":{"fifu_image_url":"","fifu_image_alt":"","footnotes":""},"categories":[73,54],"tags":[],"class_list":["post-67536","post","type-post","status-publish","format-standard","hentry","category-actualite","category-maroc"],"_links":{"self":[{"href":"https:\/\/linitiative.ca\/International\/wp-json\/wp\/v2\/posts\/67536","targetHints":{"allow":["GET"]}}],"collection":[{"href":"https:\/\/linitiative.ca\/International\/wp-json\/wp\/v2\/posts"}],"about":[{"href":"https:\/\/linitiative.ca\/International\/wp-json\/wp\/v2\/types\/post"}],"author":[{"embeddable":true,"href":"https:\/\/linitiative.ca\/International\/wp-json\/wp\/v2\/users\/1760"}],"replies":[{"embeddable":true,"href":"https:\/\/linitiative.ca\/International\/wp-json\/wp\/v2\/comments?post=67536"}],"version-history":[{"count":0,"href":"https:\/\/linitiative.ca\/International\/wp-json\/wp\/v2\/posts\/67536\/revisions"}],"wp:attachment":[{"href":"https:\/\/linitiative.ca\/International\/wp-json\/wp\/v2\/media?parent=67536"}],"wp:term":[{"taxonomy":"category","embeddable":true,"href":"https:\/\/linitiative.ca\/International\/wp-json\/wp\/v2\/categories?post=67536"},{"taxonomy":"post_tag","embeddable":true,"href":"https:\/\/linitiative.ca\/International\/wp-json\/wp\/v2\/tags?post=67536"}],"curies":[{"name":"wp","href":"https:\/\/api.w.org\/{rel}","templated":true}]}}