{"id":67537,"date":"2019-11-15T05:37:30","date_gmt":"2019-11-15T10:37:30","guid":{"rendered":"https:\/\/linitiative.ca\/International\/les-assassinats-cibles-se-poursuivent-a-gaza\/"},"modified":"2019-11-15T05:37:30","modified_gmt":"2019-11-15T10:37:30","slug":"les-assassinats-cibles-se-poursuivent-a-gaza","status":"publish","type":"post","link":"https:\/\/linitiative.ca\/International\/les-assassinats-cibles-se-poursuivent-a-gaza\/","title":{"rendered":"Les assassinats cibl\u00e9s se poursuivent \u00e0 Gaza"},"content":{"rendered":"<p class=\"has-text-color has-vivid-red-color c2\"><strong>Netanyahou, la puissance du mal<\/strong><\/p>\n<p class=\"has-text-color has-vivid-cyan-blue-color\"><strong>Encore une triste journ\u00e9e qui s\u2019ajoute \u00e0 celles innombrables qui ont marqu\u00e9 l\u2019histoire des Palestiniens et de la terreur du colonialisme isra\u00e9lien.<\/strong><\/p>\n<p>Mardi 12 novembre restera grav\u00e9, comme les interminables massacres isra\u00e9liens, dans la m\u00e9moire et la conscience internationale. Cette fois-ci, c\u2019est Baha Abou Al Ata, un commandant du Jihad palestinien qui tombera, ainsi que son \u00e9pouse, sous une frappe a\u00e9rienne isra\u00e9lienne cibl\u00e9e. Ce martyr \u00e9tait dans le collimateur de Tsahal et du Shin Bet (le renseignement int\u00e9rieur isra\u00e9lien), en tant que combattant \u00abradical et incontr\u00f4lable\u00bb auquel Netanyahu attribuait les principaux tirs aux roquettes, depuis le nord de Gaza.<\/p>\n<p>L\u2019attaque a\u00e9rienne de mardi a cibl\u00e9 \u00e9galement un autre dirigeant politique du Jihad islamique, Akram Ajouri, tax\u00e9, au m\u00eame titre que le commandant assassin\u00e9 malgr\u00e9 sa pr\u00e9sentation comme \u00absolitaire\u00bb, d\u2019agent de Damas et de T\u00e9h\u00e9ran, et a cout\u00e9 la vie \u00e0 son fils et \u00e0 un autre Palestinien.<\/p>\n<p>Mais les frappes sionistes, en fait des assassinats cibl\u00e9s, sont devenues r\u00e9guli\u00e8res, face au manque de condamnation claire et nette de la part de la communaut\u00e9 internationale, prise en otage par le veto am\u00e9ricain \u00e0 l\u2019ONU. Et pourtant, elles n\u2019\u00e9pargnent pas la population palestinienne d\u00e9sarm\u00e9e, notamment l\u2019environnement imm\u00e9diat des habitations cibl\u00e9es. Et rares sont les jours ou les nuits quand elles ne causent pas morts et d\u00e9solation dans les rangs des Palestiniens, notamment parmi les jeunes, les femmes et les personnes \u00e2g\u00e9es\u2026<\/p>\n<p>Ces frappes ciblent, volontairement, les populations qui manifestent pacifiquement contre l\u2019usurpation de la terre et de la patrie et pour le droit \u00e0 une patrie et \u00e0 une paix durable.<\/p>\n<p>Fait marquant, est que l\u2019attaque de mardi intervient dans une conjoncture politique et \u00e9lectorale particuli\u00e8re en Isra\u00ebl. Le premier ministre, Benyamin Netanyahou, est le v\u00e9ritable initiateur, avec l\u2019appui du Shin\u00a0Bet, de cette op\u00e9ration-massacre, pour d\u00e9tourner l\u2019attention de l\u2019opinion publique isra\u00e9lienne et tenter de reprendre le pouvoir, apr\u00e8s ses \u00e9checs cuisants, depuis septembre, \u00e9tant sans majorit\u00e9 l\u00e9gislative et sous les menaces d\u2019une inculpation et d\u2019une condamnation judiciaires pour des faits av\u00e9r\u00e9s de corruption.<\/p>\n<p>Cern\u00e9 de toutes parts, Netanyahu joue avec le feu et esp\u00e8re un retournement de situation en gagnant la sympathie des \u00e9lecteurs extr\u00e9mistes et conservateurs religieux pour maintenir et prot\u00e9ger son fonds de commerce politique qui consiste \u00e0 choisir la guerre comme moyen de parvenir \u00e0 une \u00ab\u00a0paix \u00e0 genoux\u00a0\u00bb. A une extermination du peuple palestinien.<\/p>\n<p>Cette op\u00e9ration est destin\u00e9e aussi \u00e0 remettre e cause la tr\u00eave, en cours avec le Hamas, obtenue gr\u00e2ce \u00e0 une forte implication de l\u2019ONU, de l\u2019Egypte et du Qatar.<\/p>\n<p>Dans cette triste et dangereuse voie, Netanyahu table sur l\u2019Am\u00e9rique de Trump et les h\u00e9sitations de l\u2019Union europ\u00e9enne pour \u00e9chapper aux sanctions de la communaut\u00e9 internationale.<\/p>\n<p>Symbolique de l\u2019Histoire ou simple co\u00efncidence\u00a0? L\u2019on pourra parler de \u00abNovembre noir\u00bb en Isra\u00ebl\u2026 C\u2019est le mois de novembre qui aura la r\u00e9putation assassine. C\u2019est le 11 novembre 2004 que Yasser Arafat a \u00e9t\u00e9 assassin\u00e9 par Isra\u00ebl. \u00a0Par empoisonnement, malgr\u00e9 sa reconnaissance de l\u2019Etat d\u2019Isra\u00ebl. Avant lui, exactement le 4 novembre 1995, c\u2019\u00e9tait l\u2019ex premier ministre isra\u00e9lien Ishak Rabin, Prix Nobel de la paix avec le leader historique de l\u2019OLP, tous deux artisans des accords d\u2019Oslo, fut assassin\u00e9, \u00e0 l\u2019issue d\u2019une manifestation en soutien \u00e0 la paix et aux accords sign\u00e9s avec les Palestiniens. Une \u0153uvre qui d\u00e9shonore et continue \u00e0 d\u00e9shonorer les m\u00eames extr\u00e9mistes et assassins qui gouvernent encore \u00e0 Tel Aviv.\u00a0 Ils ont trop de sang dans les main!<\/p>\n<p>Mohamed Khalil<\/p>\n<p>Auteur: M&rsquo;hammed rahal<br \/>\n<a href=\"http:\/\/albayane.press.ma\/les-assassinats-cibles-se-poursuivent-a-gaza.html\">Cliquez ici pour lire l&rsquo;article depuis sa source.<\/a><\/p>\n","protected":false},"excerpt":{"rendered":"<p>Netanyahou, la puissance du mal Encore une triste journ\u00e9e qui s\u2019ajoute \u00e0 celles innombrables qui ont marqu\u00e9 l\u2019histoire des Palestiniens et de la terreur du colonialisme isra\u00e9lien. Mardi 12 novembre restera grav\u00e9, comme les interminables massacres isra\u00e9liens, dans la m\u00e9moire et la conscience internationale. Cette fois-ci, c\u2019est Baha Abou Al Ata, un commandant du Jihad [&hellip;]<\/p>\n","protected":false},"author":1760,"featured_media":0,"comment_status":"closed","ping_status":"closed","sticky":false,"template":"","format":"standard","meta":{"fifu_image_url":"","fifu_image_alt":"","footnotes":""},"categories":[73,54],"tags":[],"class_list":["post-67537","post","type-post","status-publish","format-standard","hentry","category-actualite","category-maroc"],"_links":{"self":[{"href":"https:\/\/linitiative.ca\/International\/wp-json\/wp\/v2\/posts\/67537","targetHints":{"allow":["GET"]}}],"collection":[{"href":"https:\/\/linitiative.ca\/International\/wp-json\/wp\/v2\/posts"}],"about":[{"href":"https:\/\/linitiative.ca\/International\/wp-json\/wp\/v2\/types\/post"}],"author":[{"embeddable":true,"href":"https:\/\/linitiative.ca\/International\/wp-json\/wp\/v2\/users\/1760"}],"replies":[{"embeddable":true,"href":"https:\/\/linitiative.ca\/International\/wp-json\/wp\/v2\/comments?post=67537"}],"version-history":[{"count":0,"href":"https:\/\/linitiative.ca\/International\/wp-json\/wp\/v2\/posts\/67537\/revisions"}],"wp:attachment":[{"href":"https:\/\/linitiative.ca\/International\/wp-json\/wp\/v2\/media?parent=67537"}],"wp:term":[{"taxonomy":"category","embeddable":true,"href":"https:\/\/linitiative.ca\/International\/wp-json\/wp\/v2\/categories?post=67537"},{"taxonomy":"post_tag","embeddable":true,"href":"https:\/\/linitiative.ca\/International\/wp-json\/wp\/v2\/tags?post=67537"}],"curies":[{"name":"wp","href":"https:\/\/api.w.org\/{rel}","templated":true}]}}