{"id":67538,"date":"2019-11-15T05:46:58","date_gmt":"2019-11-15T10:46:58","guid":{"rendered":"https:\/\/linitiative.ca\/International\/la-bolivie-apres-le-depart-devo-morales\/"},"modified":"2019-11-15T05:46:58","modified_gmt":"2019-11-15T10:46:58","slug":"la-bolivie-apres-le-depart-devo-morales","status":"publish","type":"post","link":"https:\/\/linitiative.ca\/International\/la-bolivie-apres-le-depart-devo-morales\/","title":{"rendered":"La Bolivie apr\u00e8s le d\u00e9part d\u2019Evo Morales\u2026"},"content":{"rendered":"<p class=\"has-text-color has-vivid-cyan-blue-color\"><strong>Apr\u00e8s trois semaines de manifestations, d\u00e9non\u00e7ant la \u00abpers\u00e9cution\u00bb men\u00e9e par les leaders de l\u2019opposition contre ses proches et d\u00e9plorant l\u2019\u00abatteinte contre la d\u00e9mocratie et la paix sociale\u00bb et un \u00abodieux\u00bb coup d\u2019Etat, Evo Morales, 60 ans, \u00e0 la t\u00eate de la Bolivie depuis 2006, a annonc\u00e9 dimanche dernier sa d\u00e9mission avant de prendre le lendemain le chemin de l\u2019exil \u00e0 bord d\u2019un avion militaire mexicain. \u00abJe pars pour le Mexique (\u2026) \u00e7\u00e0 me fait mal d\u2019abandonner le pays pour des raisons politiques\u00bb avait tweet\u00e9 l\u2019ancien chef de l\u2019Etat avant d\u2019embarquer et de promettre de poursuivre la \u00ab lutte \u00bb et de revenir \u00abvite (et) avec plus de force et d\u2019\u00e9nergie\u00bb.<\/strong><\/p>\n<p>Mais \u2013 fait in\u00e9dit et tr\u00e8s surprenant \u2013 la d\u00e9mission du pr\u00e9sident bolivien avait donn\u00e9 lieu \u00e0 une r\u00e9action en cha\u00eene puisqu\u2019elle avait \u00e9t\u00e9 suivie de celle de ses successeurs constitutionnels directs que sont le vice-pr\u00e9sident Alvaro Garcia, la pr\u00e9sidente et le vice-pr\u00e9sident du S\u00e9nat ainsi que le pr\u00e9sident de la Chambre des d\u00e9put\u00e9s. Aussi, pour contrecarrer l\u2019in\u00e9vitable vacance du pouvoir qui se profilait \u00e0 l\u2019horizon et qui risquait de plonger le pays dans le chaos, Jeanine Anez, seconde vice-pr\u00e9sidente du S\u00e9nat depuis 2015, a revendiqu\u00e9 la pr\u00e9sidence par int\u00e9rim malgr\u00e9 l\u2019absence de quorum au Parlement et pu obtenir le soutien des principales forces d\u2019opposition du pays.<\/p>\n<p>Ainsi, le candidat centriste Carlos Mesa qui, apr\u00e8s avoir contest\u00e9 \u00e9nergiquement les r\u00e9sultats de la pr\u00e9sidentielle du 20 Octobre avait r\u00e9clam\u00e9 un second tour, a imm\u00e9diatement f\u00e9licit\u00e9 \u00abla nouvelle pr\u00e9sidente constitutionnelle de Bolivie Jeanine Anez\u00bb. Il en a \u00e9t\u00e9 de m\u00eame pour Luis Fernando Camacho, le leader de la contestation populaire, qui a m\u00eame appel\u00e9, de son c\u00f4t\u00e9, \u00e0 une \u00absuspension des manifestations\u00bb.<\/p>\n<p>Avocate de profession, \u00e2g\u00e9e de 52 ans mais peu connue hors des fronti\u00e8res du pays, la nouvelle pr\u00e9sidente par int\u00e9rim de Bolivie s\u2019est alors rendue au si\u00e8ge du gouvernement pour pr\u00eater serment et obtenir la validation de son \u00e9lection par le Tribunal constitutionnel.<\/p>\n<p>Arguant de \u00abla n\u00e9cessit\u00e9 de cr\u00e9er un climat de paix sociale\u00bb alors que, depuis fin octobre, le pays est secou\u00e9 par une grave crise politique, Jeanine Anez qui, apr\u00e8s avoir d\u00e9clar\u00e9, avec un sourire ironique au coin des l\u00e8vres et pour se d\u00e9marquer de l\u2019ancien pr\u00e9sident Morales, que \u00abla Bible revient au Palais\u00bb, s\u2019est r\u00e9unie avec les chefs de l\u2019arm\u00e9e et de la police. Elle s\u2019est engag\u00e9e, au cours de cette s\u00e9ance de travail, \u00e0 \u00abconvoquer des \u00e9lections avec des personnalit\u00e9s qualifi\u00e9es qui vont conduire le processus \u00e9lectoral afin de refl\u00e9ter ce que veulent tous les Boliviens\u00bb.<\/p>\n<p>Appelant au respect de l\u2019ordre constitutionnel et \u00e0 la pr\u00e9servation de la paix alors que La Paz, la capitale administrative du pays, \u00e9tait totalement paralys\u00e9e, de nombreuses chancelleries ainsi que les vingt pays membres de l\u2019Organisation des Etats am\u00e9ricains (OEA) ont invit\u00e9, ce mardi, les nouvelles \u00abautorit\u00e9s de transition\u00bb \u00e0 faire le n\u00e9cessaire pour surmonter la crise en Bolivie. Paris a appel\u00e9, de son c\u00f4t\u00e9, ces derni\u00e8res \u00abau calme et \u00e0 la retenue\u00bb alors que Washington a choisi de limiter sa pr\u00e9sence diplomatique dans le pays et de conseiller \u00e0 ses concitoyens d\u2019\u00e9viter tout d\u00e9placement en Bolivie \u00e0 cause d\u2019\u00e9ventuels \u00ab troubles civils\u00bb.<\/p>\n<p>Les prochaines \u00e9lections pr\u00e9sidentielles auront-elles lieu dans le d\u00e9lai l\u00e9gal de 90 jours prenant effet \u00e0 compter de la date d\u00e9clar\u00e9e de la vacance du pouvoir tel que fix\u00e9 par la Constitution ? Le pluralisme politique y sera-t-il pr\u00e9serv\u00e9 alors que Carlos Mesa, l\u2019opposant \u00e0 l\u2019ancien chef de l\u2019Etat, souhaiterait la tenue d\u2019\u00e9lections excluant d\u2019embl\u00e9e la pr\u00e9sence d\u2019Evo Morales et qu\u2019une bonne partie de la population se reconna\u00eet dans ce dernier et dans son parti le Mouvement vers le Socialisme (MAS) ? Quoiqu\u2019il en soit, m\u00eame s\u2019il est peu plausible que l\u2019ancien chef de l\u2019Etat fasse campagne depuis un pays \u00e9tranger, force est de reconna\u00eetre, toutefois, que la candidature d\u2019Evo Morales qui s\u2019est dessaisi du pouvoir pour ne point tomber dans le pi\u00e8ge tendu de la confrontation \u00abimp\u00e9rialiste\u00bb et pour \u00e9pargner \u00e0 la Bolivie un bain de sang a encore de tr\u00e8s fortes chances de faire \u00e9viter au pays les affres d\u2019une guerre civile. Alors, attendons pour voir\u2026<\/p>\n<p class=\"c2\"><strong>Nabil El Bousaadi<\/strong><\/p>\n<p>Auteur: M&rsquo;hammed rahal<br \/>\n<a href=\"http:\/\/albayane.press.ma\/la-bolivie-apres-le-depart-devo-morales.html\">Cliquez ici pour lire l&rsquo;article depuis sa source.<\/a><\/p>\n","protected":false},"excerpt":{"rendered":"<p>Apr\u00e8s trois semaines de manifestations, d\u00e9non\u00e7ant la \u00abpers\u00e9cution\u00bb men\u00e9e par les leaders de l\u2019opposition contre ses proches et d\u00e9plorant l\u2019\u00abatteinte contre la d\u00e9mocratie et la paix sociale\u00bb et un \u00abodieux\u00bb coup d\u2019Etat, Evo Morales, 60 ans, \u00e0 la t\u00eate de la Bolivie depuis 2006, a annonc\u00e9 dimanche dernier sa d\u00e9mission avant de prendre le lendemain [&hellip;]<\/p>\n","protected":false},"author":1760,"featured_media":0,"comment_status":"closed","ping_status":"closed","sticky":false,"template":"","format":"standard","meta":{"fifu_image_url":"","fifu_image_alt":"","footnotes":""},"categories":[73,54],"tags":[],"class_list":["post-67538","post","type-post","status-publish","format-standard","hentry","category-actualite","category-maroc"],"_links":{"self":[{"href":"https:\/\/linitiative.ca\/International\/wp-json\/wp\/v2\/posts\/67538","targetHints":{"allow":["GET"]}}],"collection":[{"href":"https:\/\/linitiative.ca\/International\/wp-json\/wp\/v2\/posts"}],"about":[{"href":"https:\/\/linitiative.ca\/International\/wp-json\/wp\/v2\/types\/post"}],"author":[{"embeddable":true,"href":"https:\/\/linitiative.ca\/International\/wp-json\/wp\/v2\/users\/1760"}],"replies":[{"embeddable":true,"href":"https:\/\/linitiative.ca\/International\/wp-json\/wp\/v2\/comments?post=67538"}],"version-history":[{"count":0,"href":"https:\/\/linitiative.ca\/International\/wp-json\/wp\/v2\/posts\/67538\/revisions"}],"wp:attachment":[{"href":"https:\/\/linitiative.ca\/International\/wp-json\/wp\/v2\/media?parent=67538"}],"wp:term":[{"taxonomy":"category","embeddable":true,"href":"https:\/\/linitiative.ca\/International\/wp-json\/wp\/v2\/categories?post=67538"},{"taxonomy":"post_tag","embeddable":true,"href":"https:\/\/linitiative.ca\/International\/wp-json\/wp\/v2\/tags?post=67538"}],"curies":[{"name":"wp","href":"https:\/\/api.w.org\/{rel}","templated":true}]}}