{"id":67539,"date":"2019-11-15T06:09:53","date_gmt":"2019-11-15T11:09:53","guid":{"rendered":"https:\/\/linitiative.ca\/International\/draa-tafilalet-dans-le-marasme\/"},"modified":"2019-11-15T06:09:53","modified_gmt":"2019-11-15T11:09:53","slug":"draa-tafilalet-dans-le-marasme","status":"publish","type":"post","link":"https:\/\/linitiative.ca\/International\/draa-tafilalet-dans-le-marasme\/","title":{"rendered":"Dr\u00e2a Tafilalet dans le marasme!"},"content":{"rendered":"<p class=\"has-text-color has-vivid-cyan-blue-color\"><strong>Quel anath\u00e8me la population de la r\u00e9gion de Dr\u00e2a Tafilalet a d\u00fb perp\u00e9trer pour\u00a0 vivre de tels malheurs, avec le conseil r\u00e9gional, durant un mandat cauchemardesque? Nulle autre institution du royaume n\u2019a \u00e9t\u00e9 aussi chaotique, dans les annales de la gestion des affaires publiques!<\/strong><\/p>\n<p>Et pourtant, depuis des lustres, le pouvoir central ne pipe mot, en d\u00e9pit des rapports assassins r\u00e9v\u00e9l\u00e9s par des auditeurs d\u00e9p\u00each\u00e9s, en persistance sur les lieux, sans aucune suite salutaire! En parall\u00e8le, nombre d\u2019acteurs politiques, de droit de l\u2019homme, de la soci\u00e9t\u00e9 civile, de la presse n\u2019ont eu de cesse de s\u2019\u00e9gosiller \u00e0 tue-t\u00eate pour d\u00e9noncer, sans rel\u00e2che, ces gabegies hallucinantes.<\/p>\n<p>On se demande si les services de l\u2019Int\u00e9rieur n\u2019ont pas aval\u00e9 la langue de la vertu ou rengainer le sabre de la sanction \u00e0 l\u2019encontre de celui qui s\u2019\u00e9rige en ma\u00eetre absolu dans sa \u00abjungle\u00bb\u00a0! Sans aucun scrupule, il outrepasse ses coll\u00e8gues du conseil, d\u00e9fie ses partenaires de divers horizons et empi\u00e8te sur les pr\u00e9rogatives de la tutelle. Le c\u00e9l\u00e8bre philosophe italien, Nicolas Machiavel, disait un jour \u00ab\u00a0La soif de dominer est celle qui s\u2019\u00e9teint la derni\u00e8re dans le c\u0153ur de l\u2019Homme\u00a0!\u00bb.<\/p>\n<p>Cette citation correspondrait parfaitement \u00e0 l\u2019attitude du Don Quichotte de la r\u00e9gion Dr\u00e2a Tafilalet.<\/p>\n<p>En fait, le vice de domination accaparante semble lui faire oublier la mission qu\u2019on lui a assign\u00e9 \u00a0au sein d\u2019une instance r\u00e9gie par la constitution o\u00f9 son r\u00f4le se limite \u00e0 la mise en application des d\u00e9cisions prises au sein du conseil, \u00e0 l\u2019instauration de la concorde dans les rangs des composantes aussi bien de la majorit\u00e9 qu\u2019il disloqua enti\u00e8rement \u00a0que de l\u2019opposition qui s\u2019\u00e9largit \u00e0 outrance, \u00e0 la concr\u00e9tisation des projets structurants en direction des populations\u2026<\/p>\n<p>Au lieu de s\u2019atteler \u00e0 ces obligations que lui dictent les dispositions en vigueur, il ne fait semer les grabuges, en lapidant \u00a0les deniers publics, en transgressant les proc\u00e9dures et les r\u00e9glementations, en gelant les budgets par ses caprices, en resserrant encore plus l\u2019\u00e9tau autour de lui, au point de perdre sa majorit\u00e9. Des milliards de centimes ne font que moisir dans les tirelires, alors que les citoyens meurent de soif, p\u00e9rissent de froid et endurent le martyr de la privation.<\/p>\n<p>Cette ann\u00e9e encore qui rend l\u2019\u00e2me dans un peu plus d\u2019un mois, la pr\u00e9sidence s\u2019est ing\u00e9ni\u00e9e \u00e0 ne pas d\u00e9penser le moindre sou en faveur de la r\u00e9gion, puisque le bilan s\u2019est sold\u00e9 par un 0%, \u00e0 cause de ses fac\u00e9ties burlesques. Ces derniers temps, les sessions du conseil sont lev\u00e9es avant terme, tant\u00f4t pour hors sujet relatif \u00e0 la pr\u00e9sence de membres dont l\u2019habilitation rel\u00e8ve de la tutelle, tant\u00f4t de l\u2019absence du quorum dont la responsabilit\u00e9 incombe du ressort de la gouvernance du pr\u00e9sident.<\/p>\n<p>Les prochaines r\u00e9unions sont vraisemblablement vou\u00e9es au blocage car le bout du tunnel ne se ferait gu\u00e8re entrouvrir, dans le marasme du bras de fer. Qui viendra au secours des populations en plein d\u00e9sastre ? Seule la Haute Sph\u00e8re du pays proc\u00e9dera au d\u00e9nouement salvateur!<\/p>\n<p>Auteur: M&rsquo;hammed rahal<br \/>\n<a href=\"http:\/\/albayane.press.ma\/draa-tafilalet-dans-le-marasme.html\">Cliquez ici pour lire l&rsquo;article depuis sa source.<\/a><\/p>\n","protected":false},"excerpt":{"rendered":"<p>Quel anath\u00e8me la population de la r\u00e9gion de Dr\u00e2a Tafilalet a d\u00fb perp\u00e9trer pour\u00a0 vivre de tels malheurs, avec le conseil r\u00e9gional, durant un mandat cauchemardesque? Nulle autre institution du royaume n\u2019a \u00e9t\u00e9 aussi chaotique, dans les annales de la gestion des affaires publiques! Et pourtant, depuis des lustres, le pouvoir central ne pipe mot, [&hellip;]<\/p>\n","protected":false},"author":1760,"featured_media":0,"comment_status":"closed","ping_status":"closed","sticky":false,"template":"","format":"standard","meta":{"fifu_image_url":"","fifu_image_alt":"","footnotes":""},"categories":[73,54],"tags":[],"class_list":["post-67539","post","type-post","status-publish","format-standard","hentry","category-actualite","category-maroc"],"_links":{"self":[{"href":"https:\/\/linitiative.ca\/International\/wp-json\/wp\/v2\/posts\/67539","targetHints":{"allow":["GET"]}}],"collection":[{"href":"https:\/\/linitiative.ca\/International\/wp-json\/wp\/v2\/posts"}],"about":[{"href":"https:\/\/linitiative.ca\/International\/wp-json\/wp\/v2\/types\/post"}],"author":[{"embeddable":true,"href":"https:\/\/linitiative.ca\/International\/wp-json\/wp\/v2\/users\/1760"}],"replies":[{"embeddable":true,"href":"https:\/\/linitiative.ca\/International\/wp-json\/wp\/v2\/comments?post=67539"}],"version-history":[{"count":0,"href":"https:\/\/linitiative.ca\/International\/wp-json\/wp\/v2\/posts\/67539\/revisions"}],"wp:attachment":[{"href":"https:\/\/linitiative.ca\/International\/wp-json\/wp\/v2\/media?parent=67539"}],"wp:term":[{"taxonomy":"category","embeddable":true,"href":"https:\/\/linitiative.ca\/International\/wp-json\/wp\/v2\/categories?post=67539"},{"taxonomy":"post_tag","embeddable":true,"href":"https:\/\/linitiative.ca\/International\/wp-json\/wp\/v2\/tags?post=67539"}],"curies":[{"name":"wp","href":"https:\/\/api.w.org\/{rel}","templated":true}]}}