{"id":67541,"date":"2019-11-15T13:04:12","date_gmt":"2019-11-15T18:04:12","guid":{"rendered":"https:\/\/linitiative.ca\/International\/10e-fica-remise-des-prix-aux-laureats-et-hommage-a-moussa-haddad\/"},"modified":"2019-11-15T13:04:12","modified_gmt":"2019-11-15T18:04:12","slug":"10e-fica-remise-des-prix-aux-laureats-et-hommage-a-moussa-haddad","status":"publish","type":"post","link":"https:\/\/linitiative.ca\/International\/10e-fica-remise-des-prix-aux-laureats-et-hommage-a-moussa-haddad\/","title":{"rendered":"10e Fica : Remise des prix aux laur\u00e9ats et hommage \u00e0 Moussa Haddad"},"content":{"rendered":"<div readability=\"37\">\n<p><strong>\u00a0ALGER\u2013 Le film documentaire \u00ab\u00a0143, rue du d\u00e9sert\u00a0\u00bb du r\u00e9alisateur alg\u00e9rien Hassen Ferhani et \u00ab\u00a0The Tower (wardi), une fiction du Norv\u00e9gien Mats Grorud ont remport\u00e9 les grands prix du jury en cl\u00f4ture jeudi\u00a0\u00e0 Alger de la comp\u00e9tition du 10e Festival international du cin\u00e9ma d\u2019Alger qui a rendu un hommage au r\u00e9alisateur Moussa Haddad.<\/strong><\/p>\n<\/div>\n<div readability=\"112\">\n<p>Les jurys des trois cat\u00e9gories comp\u00e9titives \u00e0 ce festival, d\u00e9di\u00e9 au film engag\u00e9, ont remis les distinctions aux laur\u00e9ats lors d\u2019une c\u00e9r\u00e9monie marqu\u00e9e par un hommage appuy\u00e9 \u00e0 l\u2019un des grands cin\u00e9astes alg\u00e9riens, Moussa Haddad, disparu en d\u00e9cembre dernier.<\/p>\n<p>Un documentaire r\u00e9trospectif retra\u00e7ant le parcours du r\u00e9alisateur du film culte du cin\u00e9ma alg\u00e9rien, <strong>\u00ab\u00a0Les vacances de l&rsquo;inspecteur Tahar\u00a0\u00bb,<\/strong> et sa riche filmographie, \u00e0 \u00e9t\u00e9 projet\u00e9 en pr\u00e9sence des membres de la famille de Moussa Haddad (1937-2019).<\/p>\n<p>Le jury de la cat\u00e9gorie documentaires, pr\u00e9sid\u00e9 par le cin\u00e9aste Sa\u00e2d Khiari, a attribu\u00e9 son Grand prix \u00e0 <strong>\u00ab\u00a0143, rue du d\u00e9sert\u00a0\u00bb,<\/strong> un\u00a0 long m\u00e9trage de 100 minutes qui s\u2019int\u00e9resse \u00e0 la femme alg\u00e9rienne \u00e0 travers un portait de Malika, g\u00e9rante d\u2019un petit commerce dans le d\u00e9sert alg\u00e9rien.<\/p>\n<p><strong>\u00ab\u00a0A l\u2019envers de l\u2019histoire \u00ab\u00a0<\/strong> documentaire de la Serbe Mila Turajlic, a remport\u00e9 le Prix sp\u00e9cial du jury, alors que <strong>\u00ab\u00a0Sur les traces de Mamani Abdoulaye\u00a0\u00bb<\/strong> de la r\u00e9alisatrice nig\u00e9rienne Amina Abdoulaye Mamani s\u2019est vu\u00a0attribu\u00e9 une <strong>\u00ab\u00a0mention sp\u00e9ciale\u00a0\u00bb<\/strong>.<\/p>\n<p>Le Grand prix de la cat\u00e9gorie longs m\u00e9trages de fiction est revenu \u00e0 <strong>\u00ab\u00a0Wardi\u00a0\u00bb<\/strong> (The Tower), un film d&rsquo;animation (coproduit par la Norv\u00e8ge et la Palestine), qui raconte l\u2019histoire d\u2019une famille de r\u00e9fugi\u00e9s palestiniens au Liban.<\/p>\n<p>Concernant les courts m\u00e9trages, autre cat\u00e9gorie comp\u00e9titive de ce 10e Fica, le jury pr\u00e9sid\u00e9 par l\u2019actrice Mouni Bouallam, a attribu\u00e9 son Grand prix \u00e0 \u00a0\u00bb Facing Mecca\u00a0\u00bb\u00a0 du r\u00e9alisateur suisse Jan -Eric Mack.<\/p>\n<p>Le jury a \u00e9galement d\u00e9cern\u00e9 des mentions d\u2019encouragement\u00a0 aux films alg\u00e9riens <strong>\u00ab\u00a0Felfel Lahmar\u00a0\u00bb<\/strong> de Sa\u00e2dia Gacem, Hadi Hiya de Youcef Mahsas ainsi qu\u2019une mention sp\u00e9ciale \u00e0 <strong>\u00ab\u00a0Une histoire dans ma peau\u00a0\u00bb<\/strong> de Yanis Kheloufi.<\/p>\n<p>Pour sa part, le public a pl\u00e9biscit\u00e9 <strong>\u00ab\u00a0Paysages d\u2019automne\u00a0\u00bb<\/strong>, une fiction de Merzak Allouache<strong>, \u00a0\u00bb La Bolduc\u00a0\u00bb<\/strong> du Canadien Fran\u00e7ois Bouvier, <strong>\u00ab\u00a0Sotra\u00a0\u00bb<\/strong> d\u2019Abdellah Aggoune, <strong>\u00ab\u00a0La fausse saison\u00a0\u00bb<\/strong> de Menad Embarek et encore \u00a0\u00bb 143, rue du d\u00e9sert\u00a0\u00bb, prim\u00e9 \u00e9galement de la \u00ab\u00a0M\u00e9daille Ghandi\u00a0\u00bb, une distinction d\u00e9cern\u00e9e par le Conseil international du cin\u00e9ma, de la t\u00e9l\u00e9vision et de la communication audiovisuelle (Cict).<\/p>\n<p>\u00a0A l\u2019issue de la remise des\u00a0 prix, un documentaire \u00ab\u00a0Inocencia\u00a0\u00bb du r\u00e9alisateur cubain Alejandro Jil, a \u00e9t\u00e9 projet\u00e9 au public.<\/p>\n<p>D\u2019une dur\u00e9e de 78 mn, \u00ab\u00a0Inocencia\u00a0\u00bb revient sur\u00a0 l\u2019ex\u00e9cution des huit \u00e9tudiants en m\u00e9decine, \u00e9v\u00e9nement douloureux survenu \u00e0 La Havane en 1871.<\/p>\n<p>Les projections hors comp\u00e9tition se poursuivent vendredi et samedi avec \u00e0 l\u2019affiche <strong>\u00ab\u00a0Les enfumades du Dahra\u00a0\u00bb<\/strong> et <strong>\u00ab\u00a0Andr\u00e9 Rav\u00e9reau et l\u2019Alg\u00e9rie: Et le site cr\u00e9a la ville\u00a0\u00bb<\/strong>, un documentaire consacr\u00e9 \u00e0 l\u2019architecte fran\u00e7ais qui a pass\u00e9 une grande partie de sa vie en Alg\u00e9rie.<\/p>\n<p>Ouvert le 7 novembre dernier, le 10e Fica a mis en comp\u00e9tition dix-huit films entre documentaires et fictions.<\/p>\n<\/div>\n<p>Auteur:<br \/>\n<a href=\"http:\/\/www.aps.dz\/culture\/97523-10e-fica-remise-des-prix-aux-laureats-et-hommage-a-moussa-haddad\">Cliquez ici pour lire l&rsquo;article depuis sa source.<\/a><\/p>\n","protected":false},"excerpt":{"rendered":"<p>\u00a0ALGER\u2013 Le film documentaire \u00ab\u00a0143, rue du d\u00e9sert\u00a0\u00bb du r\u00e9alisateur alg\u00e9rien Hassen Ferhani et \u00ab\u00a0The Tower (wardi), une fiction du Norv\u00e9gien Mats Grorud ont remport\u00e9 les grands prix du jury en cl\u00f4ture jeudi\u00a0\u00e0 Alger de la comp\u00e9tition du 10e Festival international du cin\u00e9ma d\u2019Alger qui a rendu un hommage au r\u00e9alisateur Moussa Haddad. Les jurys [&hellip;]<\/p>\n","protected":false},"author":1790,"featured_media":0,"comment_status":"closed","ping_status":"closed","sticky":false,"template":"","format":"standard","meta":{"fifu_image_url":"","fifu_image_alt":"","footnotes":""},"categories":[53,79],"tags":[],"class_list":["post-67541","post","type-post","status-publish","format-standard","hentry","category-algerie","category-culture"],"_links":{"self":[{"href":"https:\/\/linitiative.ca\/International\/wp-json\/wp\/v2\/posts\/67541","targetHints":{"allow":["GET"]}}],"collection":[{"href":"https:\/\/linitiative.ca\/International\/wp-json\/wp\/v2\/posts"}],"about":[{"href":"https:\/\/linitiative.ca\/International\/wp-json\/wp\/v2\/types\/post"}],"author":[{"embeddable":true,"href":"https:\/\/linitiative.ca\/International\/wp-json\/wp\/v2\/users\/1790"}],"replies":[{"embeddable":true,"href":"https:\/\/linitiative.ca\/International\/wp-json\/wp\/v2\/comments?post=67541"}],"version-history":[{"count":0,"href":"https:\/\/linitiative.ca\/International\/wp-json\/wp\/v2\/posts\/67541\/revisions"}],"wp:attachment":[{"href":"https:\/\/linitiative.ca\/International\/wp-json\/wp\/v2\/media?parent=67541"}],"wp:term":[{"taxonomy":"category","embeddable":true,"href":"https:\/\/linitiative.ca\/International\/wp-json\/wp\/v2\/categories?post=67541"},{"taxonomy":"post_tag","embeddable":true,"href":"https:\/\/linitiative.ca\/International\/wp-json\/wp\/v2\/tags?post=67541"}],"curies":[{"name":"wp","href":"https:\/\/api.w.org\/{rel}","templated":true}]}}