{"id":67548,"date":"2019-11-15T12:38:33","date_gmt":"2019-11-15T17:38:33","guid":{"rendered":"https:\/\/linitiative.ca\/International\/focus-sur-la-justice-territoriale-et-les-droits-humains\/"},"modified":"2019-11-15T12:38:33","modified_gmt":"2019-11-15T17:38:33","slug":"focus-sur-la-justice-territoriale-et-les-droits-humains","status":"publish","type":"post","link":"https:\/\/linitiative.ca\/International\/focus-sur-la-justice-territoriale-et-les-droits-humains\/","title":{"rendered":"Focus sur la justice territoriale et les droits humains"},"content":{"rendered":"<div readability=\"36\">\n<p>Marrakech \u2013 \u00ab\u00a0La justice territoriale et l\u2019effectivit\u00e9 des droits et libert\u00e9s au Maroc\u00a0\u00bb est le th\u00e8me d\u2019une conf\u00e9rence organis\u00e9e, vendredi \u00e0 Marrakech, \u00e0 l\u2019initiative de la Commission R\u00e9gionale des droits de l\u2019Homme (CRDH) de Marrakech-Safi.<\/p>\n<\/div>\n<div readability=\"108\">\n<p>Cette rencontre, \u00e0 laquelle ont pris part notamment des acad\u00e9miciens, des experts en Droits humains, des acteurs politiques et de la soci\u00e9t\u00e9 civile, a \u00e9t\u00e9 l\u2019occasion pour faire la lumi\u00e8re sur les moyens de mise en oeuvre de la r\u00e9gionalisation avanc\u00e9e et d\u2019\u00e9voquer les questions li\u00e9es \u00e0 la d\u00e9mocratisation des d\u00e9cisions, \u00e0 la consolidation de la d\u00e9mocratie et de la repr\u00e9sentativit\u00e9, \u00e0 l\u2019appui aux espaces de la d\u00e9mocrate participative et \u00e0 la diffusion de la culture de transparence et de reddition des comptes.<\/p>\n<p>Cette Conf\u00e9rence, qui s\u2019inscrit dans le cadre de la promotion, du renforcement et de la protection des droits de l\u2019Homme, vise aussi l\u2019approfondissement du d\u00e9bat public autour de la mise en oeuvre effective de ces droits afin de contribuer \u00e0 l\u2019\u00e9laboration d\u2019un pacte social favorable \u00e0 la mise en place du nouveau mod\u00e8le de d\u00e9veloppement selon une approche globale et holistique des droits humains.<\/p>\n<p>Pour le pr\u00e9sident de la CRDH de Marrakech-Safi, Mohamed Mustapha Laarissa, cette rencontre se veut un espace idoine pour d\u00e9battre d\u2019une \u00ab\u00a0th\u00e9matique g\u00e9n\u00e9rale qui nous mobilise tous \u00e0 l\u2019\u00e9chelle nationale, \u00e0 savoir celle de l\u2019\u00e9laboration d\u2019un nouveau mod\u00e8le de d\u00e9veloppement\u00a0\u00bb.<\/p>\n<p>Partant du fait que l\u2019approche des droits de l\u2019Homme est une \u00ab\u00a0entr\u00e9e fondamentale en la mati\u00e8re\u00a0\u00bb, la CRDH de Marrakech-Safi a ainsi opt\u00e9 pour le th\u00e8me de la justice territoriale en tant que \u00ab\u00a0sujet transversal o\u00f9 tous les droits seront interpell\u00e9s\u00a0\u00bb, a expliqu\u00e9 M. Laarissa.<\/p>\n<p>Et de poursuivre que les travaux de cette rencontre se d\u00e9clinent en deux volets essentiels, dont le premier est acad\u00e9mique en rapport avec la recherche scientifique et les donn\u00e9es pr\u00e9cises en la mati\u00e8re, \u00e0 travers une s\u00e9rie d\u2019interventions et de contributions de g\u00e9ographes, \u00e9conomistes, juristes et sp\u00e9cialistes.<\/p>\n<p>Le second volet est r\u00e9serv\u00e9 \u00e0 l\u2019opinion de la soci\u00e9t\u00e9 civile, a-t-il relev\u00e9, tout en soulignant l\u2019importance de la compl\u00e9mentarit\u00e9 et le croisement de ces deux points de vues afin d\u2019\u00e9laborer un avis \u00e0 m\u00eame d\u2019\u00eatre effectif.<\/p>\n<p>Car, a-t-il encha\u00een\u00e9, \u00ab\u00a0le plus important, aujourd\u2019hui, demeure la mani\u00e8re de rendre effectifs les droits consacr\u00e9s dans la Constitution et dans les textes l\u00e9gislatifs\u00a0\u00bb, expliquant que le Maroc dispose, certes, d\u2019un arsenal juridique tr\u00e8s important, mais la r\u00e9alit\u00e9 montre, toutefois, un d\u00e9ficit en mati\u00e8re de respect et d\u2019observation des droits dans toutes leurs g\u00e9n\u00e9rations et toute leur compl\u00e9mentation.<\/p>\n<p>Au menu de cet \u00e9v\u00e9nement, figuraient une s\u00e9rie d\u2019expos\u00e9s et interventions traitant de th\u00e9matiques portant notamment sur \u00ab\u00a0La justice territoriale et la question de la r\u00e9gionalisation\u00a0\u00bb, \u00ab\u00a0Les disparit\u00e9s sociales et la justice territoriale\u00a0\u00bb, \u00ab\u00a0La re-conqu\u00eate des territoires : justice territoriale et d\u00e9veloppement durable\u00a0\u00bb, \u00ab\u00a0Justice territoriale : approche juridique\u00a0\u00bb et \u00ab\u00a0L\u2019innovation socio-\u00e9conomique\u00a0\u00bb.<\/p>\n<p>D\u2019autre part, le programme pr\u00e9voyait des expos\u00e9s traitant ce sujet de l\u2019angle de la soci\u00e9t\u00e9 civile, en focalisant essentiellement sur des th\u00e8mes inh\u00e9rents au droit \u00e0 la ville, \u00e0 l\u2019\u00e9dification participative et \u00e0 l\u2019\u00e9laboration d\u2019un nouveau mod\u00e8le de d\u00e9veloppement territorial.<\/p>\n<\/div>\n<p>Auteur: Meriem IGASS<br \/>\n<a href=\"http:\/\/www.mapmarrakech.ma\/fr\/justice-8\/\">Cliquez ici pour lire l&rsquo;article depuis sa source.<\/a><\/p>\n","protected":false},"excerpt":{"rendered":"<p>Marrakech \u2013 \u00ab\u00a0La justice territoriale et l\u2019effectivit\u00e9 des droits et libert\u00e9s au Maroc\u00a0\u00bb est le th\u00e8me d\u2019une conf\u00e9rence organis\u00e9e, vendredi \u00e0 Marrakech, \u00e0 l\u2019initiative de la Commission R\u00e9gionale des droits de l\u2019Homme (CRDH) de Marrakech-Safi. Cette rencontre, \u00e0 laquelle ont pris part notamment des acad\u00e9miciens, des experts en Droits humains, des acteurs politiques et de [&hellip;]<\/p>\n","protected":false},"author":1788,"featured_media":0,"comment_status":"closed","ping_status":"closed","sticky":false,"template":"","format":"standard","meta":{"fifu_image_url":"","fifu_image_alt":"","footnotes":""},"categories":[54,76],"tags":[],"class_list":["post-67548","post","type-post","status-publish","format-standard","hentry","category-maroc","category-regions"],"_links":{"self":[{"href":"https:\/\/linitiative.ca\/International\/wp-json\/wp\/v2\/posts\/67548","targetHints":{"allow":["GET"]}}],"collection":[{"href":"https:\/\/linitiative.ca\/International\/wp-json\/wp\/v2\/posts"}],"about":[{"href":"https:\/\/linitiative.ca\/International\/wp-json\/wp\/v2\/types\/post"}],"author":[{"embeddable":true,"href":"https:\/\/linitiative.ca\/International\/wp-json\/wp\/v2\/users\/1788"}],"replies":[{"embeddable":true,"href":"https:\/\/linitiative.ca\/International\/wp-json\/wp\/v2\/comments?post=67548"}],"version-history":[{"count":0,"href":"https:\/\/linitiative.ca\/International\/wp-json\/wp\/v2\/posts\/67548\/revisions"}],"wp:attachment":[{"href":"https:\/\/linitiative.ca\/International\/wp-json\/wp\/v2\/media?parent=67548"}],"wp:term":[{"taxonomy":"category","embeddable":true,"href":"https:\/\/linitiative.ca\/International\/wp-json\/wp\/v2\/categories?post=67548"},{"taxonomy":"post_tag","embeddable":true,"href":"https:\/\/linitiative.ca\/International\/wp-json\/wp\/v2\/tags?post=67548"}],"curies":[{"name":"wp","href":"https:\/\/api.w.org\/{rel}","templated":true}]}}