{"id":67549,"date":"2019-11-15T13:18:51","date_gmt":"2019-11-15T18:18:51","guid":{"rendered":"https:\/\/linitiative.ca\/International\/workshop-autour-du-developpement-territorial-durable\/"},"modified":"2019-11-15T13:18:51","modified_gmt":"2019-11-15T18:18:51","slug":"workshop-autour-du-developpement-territorial-durable","status":"publish","type":"post","link":"https:\/\/linitiative.ca\/International\/workshop-autour-du-developpement-territorial-durable\/","title":{"rendered":"Workshop autour du d\u00e9veloppement territorial durable"},"content":{"rendered":"<div readability=\"37\">\n<p>Essaouira \u2013 Un workshop d\u00e9di\u00e9 \u00e0 engager la r\u00e9flexion sur les actions \u00e0 entreprendre pour un d\u00e9veloppement territorial durable d\u2019Essaouira dans les volets de \u00ab\u00a0mobilit\u00e9 durable\u00a0\u00bb et d&rsquo;\u00a0\u00bb\u00e9co-quartier\u00a0\u00bb, a \u00e9t\u00e9 organis\u00e9, vendredi, dans la cit\u00e9 des Aliz\u00e9s.<\/p>\n<\/div>\n<div readability=\"171\">\n<p>Plac\u00e9 sous le th\u00e8me \u00a0\u00bbVille d\u2019Essaouira : Leviers d\u2019actions pour un d\u00e9veloppement territorial durable\u00a0\u00bb, ce workshop a \u00e9t\u00e9 initi\u00e9 par le Centre International de Recherche et de Renforcement de Capacit\u00e9s (CI2RC) relevant de l\u2019Ecole Sup\u00e9rieure de Technologie d\u2019Essaouira (ESTE) et la Fondation Friedrich Naumann. Il a r\u00e9uni un parterre de responsables repr\u00e9sentant diff\u00e9rentes administrations territoriales, ainsi que des repr\u00e9sentants de la soci\u00e9t\u00e9 civile.<\/p>\n<p>Cette rencontre, organis\u00e9e en partenariat notamment avec la province d\u2019Essaouira et le conseil communal de la ville, se propose ainsi d\u2019examiner les moyens et outils \u00e0 mettre en oeuvre pour mettre Essaouira sur les rails de la durabilit\u00e9.<\/p>\n<p>Ce workshop a \u00e9t\u00e9 aussi une plateforme d\u2019\u00e9change et de d\u00e9bats ouverte aux diff\u00e9rentes parties prenantes de la ville (repr\u00e9sentants des administrations de la ville, des collectivit\u00e9s territoriales et des ONGs), une occasion de mettre l\u2019accent sur les r\u00e9sultats de l\u2019\u00e9tude sur \u00ab\u00a0l\u2019analyse des besoins de mobilit\u00e9 dans la ville d\u2019Essaouira : vers une perspective de durabilit\u00e9\u00a0\u00bb.<\/p>\n<p>Intervenant lors de ce workshop, M. Andr\u00e9 Azoulay, Conseiller de Sa Majest\u00e9 le Roi et Pr\u00e9sident-fondateur de l\u2019Association Essaouira-Mogador, a exprim\u00e9 ses remerciements et sa reconnaissance \u00e0 l\u2019EST d\u2019Essaouira et \u00e0 son corps professoral pour leur engagement, leur mobilisation et la qualit\u00e9 des r\u00e9flexions men\u00e9es depuis plusieurs ann\u00e9es, aux c\u00f4t\u00e9s d\u2019autres acteurs, autour d\u2019enjeux majeurs pour Essaouira afin de trouver des solutions ad\u00e9quates aux d\u00e9fis et probl\u00e9matiques que conna\u00eet la ville, notamment ceux li\u00e9s \u00e0 la question de la mobilit\u00e9 durable et \u00e0 l\u2019enclavement.<\/p>\n<p>M. Azoulay a, en outre, soulign\u00e9 l\u2019importance et la pertinence du grand travail et du choix op\u00e9r\u00e9s depuis une trentaine d\u2019ann\u00e9es par une soci\u00e9t\u00e9 civile souirie dynamique et engag\u00e9e, \u00e0 m\u00eame de promouvoir le rayonnement de la cit\u00e9 des Aliz\u00e9s, d\u00e9clar\u00e9e depuis 2001 patrimoine universel de l\u2019Humanit\u00e9 par l\u2019UNESCO, et l\u2019une des villes les plus cr\u00e9atives au monde \u00e0 partir du 31 octobre dernier.<\/p>\n<p>\u00ab\u00a0La renaissance de la ville d\u2019Essaouira amorc\u00e9e depuis une trentaine d\u2019ann\u00e9es a acquis un stade de maturit\u00e9\u00a0\u00bb, s\u2019est-il f\u00e9licit\u00e9, mettant en lumi\u00e8re l\u2019histoire riche et diversifi\u00e9e d\u2019Essaouira, en tant que cit\u00e9 embl\u00e9matique et fruit de \u00ab\u00a0l\u2019addition de plusieurs civilisations qui y se sont succ\u00e9d\u00e9es\u00a0\u00bb.<\/p>\n<p>Et de poursuivre que la ville d\u2019Essaouira est si singuli\u00e8re, en ce sens qu\u2019elle incarne le mod\u00e8le de ce Maroc riche de sa diversit\u00e9, de sa pluralit\u00e9, de sa modernit\u00e9 et de son authenticit\u00e9, sous la conduite \u00e9clair\u00e9e de Sa Majest\u00e9 le Roi Mohammed VI.<\/p>\n<p>De son c\u00f4t\u00e9, le directeur de l\u2019ESTE, M. Belaid Bougadir, a exprim\u00e9 sa joie et sa fiert\u00e9 de voir son \u00e9tablissement s\u2019impliquer de mani\u00e8re effective dans le d\u00e9veloppement du territoire d\u2019Essaouira, en se penchant sur des probl\u00e9matiques d\u2019actualit\u00e9, notant que l\u2019EST d\u2019Essaouira a, pour une meilleure appr\u00e9hension et compr\u00e9hension de ces probl\u00e9matiques, d\u00e9velopp\u00e9 toutes les comp\u00e9tences requises.<\/p>\n<p>\u00ab\u00a0Le territoire d\u2019Essaouira nous a permis cette possibilit\u00e9 d\u2019\u00eatre des acteurs agissants, de trouver des situations p\u00e9dagogiques et scientifiques, de vrais cas d\u2019\u00e9cole\u00a0\u00bb, a-t-il poursuivi, relevant que l\u2019EST d\u2019Essaouira a cette grande particularit\u00e9 de permettre \u00e0 ses \u00e9tudiants de s\u2019inspirer de l\u2019histoire de cette cit\u00e9 embl\u00e9matique pour se ressourcer, de mieux comprendre les probl\u00e9matiques actuelles et de projeter un avenir meilleur\u00a0\u00bb.<\/p>\n<p>\u00ab\u00a0Ces cas d\u2019\u00e9tude permettent aux jeunes souiris et aux jeunes chercheurs de voir cette possibilit\u00e9 de lier le pass\u00e9, le pr\u00e9sent et le futur et par l\u00e0 d\u2019examiner les diff\u00e9rentes opportunit\u00e9s de d\u00e9veloppement possible\u00a0\u00bb, s\u2019est-il f\u00e9licit\u00e9. \u00ab\u00a0Ici \u00e0 Essaouira, nous avons une particularit\u00e9 assez singuli\u00e8re, c\u2019est que nous sommes dans une logique de renouvellement perp\u00e9tuel. On incarne ce renouvellement et cette \u00e9nergie renouvelable et par cons\u00e9quent, ce renouvellement on le vit au sein de nos \u00e9quipes de recherches\u00a0\u00bb, a-t-il dit.<\/p>\n<p>Il a r\u00e9it\u00e9r\u00e9 l\u2019engagement de l\u2019ESTE \u00e0 s\u2019inscrire dans tous les efforts visant \u00e0 faire d\u2019Essaouira un mod\u00e8le de d\u00e9veloppement durable et int\u00e9gr\u00e9.<\/p>\n<p>Mme Saloua El Ghalmi, charg\u00e9e de programme \u00e0 la Fondation Friedrich Naumann, a mis en avant cette prise de conscience que \u00ab\u00a0la mobilit\u00e9 est un pr\u00e9curseur de d\u00e9veloppement socio-\u00e9conomique \u00e0 la ville d\u2019Essaouira comme ailleurs\u00a0\u00bb, soulignant que la Fondation s\u2019est lanc\u00e9e avec ses partenaires pour r\u00e9aliser cette \u00e9tude sur la mobilit\u00e9 en admettant que la meilleure planification repose sur l\u2019analyse des besoins de la population locale.<\/p>\n<p>\u00ab\u00a0Cette \u00e9tude faisant partie du grand et ambitieux projet pour le repositionnement national et international de la ville d\u2019Essaouira va permettre l\u2019\u00e9mergence d\u2019une vision partag\u00e9e, qui servira de cadre d\u2019orientation pour les futures d\u00e9cisions et investissements publics et priv\u00e9s, dont la finalit\u00e9 est de satisfaire et contrecarrer des besoins ressentis\u00a0\u00bb, a-t-elle ajout\u00e9.<\/p>\n<p>Et de conclure que cette \u00e9tude, \u00e0 laquelle contribue ladite Fondation aux c\u00f4t\u00e9s du CI2RC, sera une feuille de route pour d\u2019autres projets de la ville, dans le cadre du projet Smart City.<\/p>\n<p>Le second temps fort de cette journ\u00e9e a \u00e9t\u00e9 la pr\u00e9sentation et la r\u00e9flexion autour de la note m\u00e9thodologique de l\u2019\u00e9tude \u00ab\u00a0le quartier Mellah : entre r\u00e9habilitation et viabilit\u00e9 socio-\u00e9conomique\u00a0\u00bb, pr\u00e9sent\u00e9e par Mme Kholoud Kahime, professeure \u00e0 l\u2019EST d\u2019Essaouira et pr\u00e9sidente du CI2RC.<\/p>\n<p>Le but de cette \u00e9tude est, d\u2019une part, \u00e9tablir un diagnostic du quartier Mellah d\u2019un point de vue socio-\u00e9conomique, architectural, mais aussi environnemental, et d\u2019autre part, d\u2019identifier les attentes de la population en termes de r\u00e9habilitation, les besoins en \u00e9quipements, infrastructures, divers services et commerces de proximit\u00e9\u2026, tout en rep\u00e9rant les activit\u00e9s g\u00e9n\u00e9ratrices de revenus (AGR) pour les habitants.<\/p>\n<p>Il s\u2019agit \u00e9galement d\u2019identifier les diff\u00e9rentes actions possibles pour rendre le quartier Mellah un vrai mod\u00e8le d\u2019\u00e9co-quartier ou encore quartier durable.<\/p>\n<\/div>\n<p>Auteur: Meriem IGASS<br \/>\n<a href=\"http:\/\/www.mapmarrakech.ma\/fr\/developpement-2\/\">Cliquez ici pour lire l&rsquo;article depuis sa source.<\/a><\/p>\n","protected":false},"excerpt":{"rendered":"<p>Essaouira \u2013 Un workshop d\u00e9di\u00e9 \u00e0 engager la r\u00e9flexion sur les actions \u00e0 entreprendre pour un d\u00e9veloppement territorial durable d\u2019Essaouira dans les volets de \u00ab\u00a0mobilit\u00e9 durable\u00a0\u00bb et d&rsquo;\u00a0\u00bb\u00e9co-quartier\u00a0\u00bb, a \u00e9t\u00e9 organis\u00e9, vendredi, dans la cit\u00e9 des Aliz\u00e9s. Plac\u00e9 sous le th\u00e8me \u00a0\u00bbVille d\u2019Essaouira : Leviers d\u2019actions pour un d\u00e9veloppement territorial durable\u00a0\u00bb, ce workshop a \u00e9t\u00e9 [&hellip;]<\/p>\n","protected":false},"author":1788,"featured_media":0,"comment_status":"closed","ping_status":"closed","sticky":false,"template":"","format":"standard","meta":{"fifu_image_url":"","fifu_image_alt":"","footnotes":""},"categories":[54,76],"tags":[],"class_list":["post-67549","post","type-post","status-publish","format-standard","hentry","category-maroc","category-regions"],"_links":{"self":[{"href":"https:\/\/linitiative.ca\/International\/wp-json\/wp\/v2\/posts\/67549","targetHints":{"allow":["GET"]}}],"collection":[{"href":"https:\/\/linitiative.ca\/International\/wp-json\/wp\/v2\/posts"}],"about":[{"href":"https:\/\/linitiative.ca\/International\/wp-json\/wp\/v2\/types\/post"}],"author":[{"embeddable":true,"href":"https:\/\/linitiative.ca\/International\/wp-json\/wp\/v2\/users\/1788"}],"replies":[{"embeddable":true,"href":"https:\/\/linitiative.ca\/International\/wp-json\/wp\/v2\/comments?post=67549"}],"version-history":[{"count":0,"href":"https:\/\/linitiative.ca\/International\/wp-json\/wp\/v2\/posts\/67549\/revisions"}],"wp:attachment":[{"href":"https:\/\/linitiative.ca\/International\/wp-json\/wp\/v2\/media?parent=67549"}],"wp:term":[{"taxonomy":"category","embeddable":true,"href":"https:\/\/linitiative.ca\/International\/wp-json\/wp\/v2\/categories?post=67549"},{"taxonomy":"post_tag","embeddable":true,"href":"https:\/\/linitiative.ca\/International\/wp-json\/wp\/v2\/tags?post=67549"}],"curies":[{"name":"wp","href":"https:\/\/api.w.org\/{rel}","templated":true}]}}