{"id":67552,"date":"2019-11-15T06:51:47","date_gmt":"2019-11-15T11:51:47","guid":{"rendered":"https:\/\/linitiative.ca\/International\/insistance-sur-la-sensibilisation-et-la-culture-dalerte-pour-combattre-la-traite-des-etres-humains\/"},"modified":"2019-11-15T06:51:47","modified_gmt":"2019-11-15T11:51:47","slug":"insistance-sur-la-sensibilisation-et-la-culture-dalerte-pour-combattre-la-traite-des-etres-humains","status":"publish","type":"post","link":"https:\/\/linitiative.ca\/International\/insistance-sur-la-sensibilisation-et-la-culture-dalerte-pour-combattre-la-traite-des-etres-humains\/","title":{"rendered":"Insistance sur la sensibilisation et la culture d\u2019alerte pour combattre la traite des \u00eatres humains"},"content":{"rendered":"<div readability=\"35\">\n<p><strong>ANNABA- Les participants \u00e0 une rencontre d\u2019information r\u00e9gionale sur la pr\u00e9vention de la traite des \u00eatres humains tenue jeudi \u00e0 Annaba ont insist\u00e9 sur la sensibilisation et la diffusion de la culture d\u2019alerte pour davantage d\u2019efficacit\u00e9 des dispositifs de lutte contre ce fl\u00e9au transfrontalier.<\/strong><\/p>\n<\/div>\n<div readability=\"68.5413793103\">\n<p>Les efforts d\u00e9ploy\u00e9s par l\u2019Etat pour lutter contre ce fl\u00e9au n\u00e9cessite l\u2019implication efficace de tous les acteurs avec en t\u00eate la soci\u00e9t\u00e9 civile par des actions de sensibilisation, a indiqu\u00e9 Khadidja Khelfi, qui\u00a0repr\u00e9sente le minist\u00e8re de la Communication \u00e0 la commission nationale de pr\u00e9vention et lutte contre la traite des \u00eatres humains.<\/p>\n<p>Apr\u00e8s la cr\u00e9ation de ladite commission et la mobilisation des dispositifs de lutte contre le fl\u00e9au, ces efforts sont poursuivis par la formation des diff\u00e9rents intervenants (s\u00e9curit\u00e9, justice, m\u00e9dia, sant\u00e9, association), a\u00a0ajout\u00e9 la m\u00eame cadre devant les participants \u00e0 la rencontre qui repr\u00e9sentent les diff\u00e9rents corps de s\u00e9curit\u00e9, la justice, la soci\u00e9t\u00e9 civile et les diff\u00e9rents instances nationales concern\u00e9es.\u00a0<\/p>\n<hr\/>\n<p>Lire aussi: <a href=\"http:\/\/www.aps.dz\/algerie\/75714\">L\u2019Alg\u00e9rie demeure un pays de transit et de destination pour l\u2019immigration clandestine<\/a><\/p>\n<hr\/>\n<p>La repr\u00e9sentante de la justice au sein de la m\u00eame commission a relev\u00e9 que la l\u00e9gislation alg\u00e9rienne a accompagn\u00e9 l\u2019\u00e9volution de ce ph\u00e9nom\u00e8ne par la mise en place des m\u00e9canismes juridiques de lutte.<\/p>\n<blockquote readability=\"8\">\n<p><strong>Consid\u00e9rant la traite des \u00eatres humains constitue le troisi\u00e8me crime transfrontalier, elle a insist\u00e9 sur la mobilisation constante contre ce fl\u00e9au dont le trafic rapporte aux r\u00e9seaux criminels 150 milliards dollars\u00a0par an d\u2019apr\u00e8s les estimations de l\u2019ONU.<\/strong><\/p>\n<\/blockquote>\n<p>L\u2019Afrique du Nord dont fait partie l\u2019Alg\u00e9rie constitue par sa position g\u00e9ographique une r\u00e9gion de transit et d\u2019installation des \u00e9migrants clandestins notamment du Sahel d\u2019o\u00f9 la n\u00e9cessit\u00e9 de faire barrage \u00e0 la\u00a0traite des \u00eatres humains, a not\u00e9 l\u2019intervenante qui a soulign\u00e9 qu\u2019une des formes de cette traite est la mendicit\u00e9 dont de multiples r\u00e9seaux ont \u00e9t\u00e9 d\u00e9mantel\u00e9s au cours des trois derni\u00e8res ann\u00e9es.<\/p>\n<p>Organis\u00e9e par la commission nationale de pr\u00e9vention et lutte contre la traite des \u00eatres humains dans un des h\u00f4tels de la ville, cette rencontre a donn\u00e9 lieu \u00e0 la pr\u00e9sentation de communications sur la d\u00e9finition des diverses formes de la traite des \u00eatres humains et les m\u00e9thodes pour en connaitre les victimes et leur prise en charge sociale et humaine.<\/p>\n<\/div>\n<p>Auteur:<br \/>\n<a href=\"http:\/\/www.aps.dz\/regions\/97526-insistance-sur-la-sensibilisation-et-la-culture-d-alerte-pour-combattre-la-traite-des-etres-humains\">Cliquez ici pour lire l&rsquo;article depuis sa source.<\/a><\/p>\n","protected":false},"excerpt":{"rendered":"<p>ANNABA- Les participants \u00e0 une rencontre d\u2019information r\u00e9gionale sur la pr\u00e9vention de la traite des \u00eatres humains tenue jeudi \u00e0 Annaba ont insist\u00e9 sur la sensibilisation et la diffusion de la culture d\u2019alerte pour davantage d\u2019efficacit\u00e9 des dispositifs de lutte contre ce fl\u00e9au transfrontalier. Les efforts d\u00e9ploy\u00e9s par l\u2019Etat pour lutter contre ce fl\u00e9au n\u00e9cessite [&hellip;]<\/p>\n","protected":false},"author":1790,"featured_media":0,"comment_status":"closed","ping_status":"closed","sticky":false,"template":"","format":"standard","meta":{"fifu_image_url":"","fifu_image_alt":"","footnotes":""},"categories":[53,76],"tags":[],"class_list":["post-67552","post","type-post","status-publish","format-standard","hentry","category-algerie","category-regions"],"_links":{"self":[{"href":"https:\/\/linitiative.ca\/International\/wp-json\/wp\/v2\/posts\/67552","targetHints":{"allow":["GET"]}}],"collection":[{"href":"https:\/\/linitiative.ca\/International\/wp-json\/wp\/v2\/posts"}],"about":[{"href":"https:\/\/linitiative.ca\/International\/wp-json\/wp\/v2\/types\/post"}],"author":[{"embeddable":true,"href":"https:\/\/linitiative.ca\/International\/wp-json\/wp\/v2\/users\/1790"}],"replies":[{"embeddable":true,"href":"https:\/\/linitiative.ca\/International\/wp-json\/wp\/v2\/comments?post=67552"}],"version-history":[{"count":0,"href":"https:\/\/linitiative.ca\/International\/wp-json\/wp\/v2\/posts\/67552\/revisions"}],"wp:attachment":[{"href":"https:\/\/linitiative.ca\/International\/wp-json\/wp\/v2\/media?parent=67552"}],"wp:term":[{"taxonomy":"category","embeddable":true,"href":"https:\/\/linitiative.ca\/International\/wp-json\/wp\/v2\/categories?post=67552"},{"taxonomy":"post_tag","embeddable":true,"href":"https:\/\/linitiative.ca\/International\/wp-json\/wp\/v2\/tags?post=67552"}],"curies":[{"name":"wp","href":"https:\/\/api.w.org\/{rel}","templated":true}]}}