{"id":67556,"date":"2019-11-15T13:19:35","date_gmt":"2019-11-15T18:19:35","guid":{"rendered":"https:\/\/linitiative.ca\/International\/tizi-ouzou-la-commission-pour-la-prise-en-charge-des-personnes-sans-abris-installee\/"},"modified":"2019-11-15T13:19:35","modified_gmt":"2019-11-15T18:19:35","slug":"tizi-ouzou-la-commission-pour-la-prise-en-charge-des-personnes-sans-abris-installee","status":"publish","type":"post","link":"https:\/\/linitiative.ca\/International\/tizi-ouzou-la-commission-pour-la-prise-en-charge-des-personnes-sans-abris-installee\/","title":{"rendered":"Tizi-Ouzou: la commission pour la prise en charge des personnes sans abris install\u00e9e"},"content":{"rendered":"<div readability=\"37\">\n<p><strong>TIZI-OUZOU &#8211; Une commission pour la prise en charge des personnes sans abris en cette p\u00e9riode hivernale a \u00e9t\u00e9 install\u00e9e mercredi dernier au niveau de la wilaya de Tizi-Ouzou, a-t-on appris vendredi de Mhanni Achour, responsable de la direction locale de l&rsquo;action sociale et de la solidarit\u00e9 (DASS).<\/strong><\/p>\n<\/div>\n<div readability=\"63\">\n<p>Pr\u00e9sid\u00e9e par le wali Mahmoud Djamaa, elle regroupe diff\u00e9rentes directions locales et organismes dont la DASS, la direction de la sant\u00e9 (DSP), la Protection civile, le Croissant-Rouge Alg\u00e9rien (CRA), les scouts musulmans alg\u00e9riens et les services de s\u00e9curit\u00e9.<\/p>\n<p>Un dispositif intersectoriel comprenant des sorties nocturnes, \u00e0 raison de deux (2) sorties par semaine, pour le ramassage de ces personne sans abris qui seront abrit\u00e9es dans une structure am\u00e9nag\u00e9e, a \u00e9t\u00e9 mis en place et sera renforc\u00e9 par des proc\u00e9dures de rapprochement ou r\u00e9int\u00e9gration familiale selon les cas.<\/p>\n<p>Ces personnes pourront, \u00e9galement, b\u00e9n\u00e9ficier d&rsquo;aides dans le cadre des dispositifs de la DASS pour celles qui pr\u00e9sentent un quelconque profil professionnel pour les aider \u00e0 se r\u00e9ins\u00e9rer, a expliqu\u00e9 la m\u00eame source.<\/p>\n<p>Par ailleurs, a ajout\u00e9 M. Mhanni, une somme de 2 millions de DA a \u00e9t\u00e9 allou\u00e9e pour le minist\u00e8re de la Solidarit\u00e9 nationale, de la Famille et de la condition de la Femme, pour les besoins de prise en charge sociale et m\u00e9dicale de cette op\u00e9ration qui concernera le chef lieu de la wilaya et la ville de Draa Ben Khedda.<\/p>\n<\/div>\n<p>Auteur:<br \/>\n<a href=\"http:\/\/www.aps.dz\/regions\/97553-tizi-ouzou-la-commission-pour-la-prise-en-charge-des-personnes-sans-abris-installee\">Cliquez ici pour lire l&rsquo;article depuis sa source.<\/a><\/p>\n","protected":false},"excerpt":{"rendered":"<p>TIZI-OUZOU &#8211; Une commission pour la prise en charge des personnes sans abris en cette p\u00e9riode hivernale a \u00e9t\u00e9 install\u00e9e mercredi dernier au niveau de la wilaya de Tizi-Ouzou, a-t-on appris vendredi de Mhanni Achour, responsable de la direction locale de l&rsquo;action sociale et de la solidarit\u00e9 (DASS). Pr\u00e9sid\u00e9e par le wali Mahmoud Djamaa, elle [&hellip;]<\/p>\n","protected":false},"author":1790,"featured_media":0,"comment_status":"closed","ping_status":"closed","sticky":false,"template":"","format":"standard","meta":{"fifu_image_url":"","fifu_image_alt":"","footnotes":""},"categories":[53,76],"tags":[],"class_list":["post-67556","post","type-post","status-publish","format-standard","hentry","category-algerie","category-regions"],"_links":{"self":[{"href":"https:\/\/linitiative.ca\/International\/wp-json\/wp\/v2\/posts\/67556","targetHints":{"allow":["GET"]}}],"collection":[{"href":"https:\/\/linitiative.ca\/International\/wp-json\/wp\/v2\/posts"}],"about":[{"href":"https:\/\/linitiative.ca\/International\/wp-json\/wp\/v2\/types\/post"}],"author":[{"embeddable":true,"href":"https:\/\/linitiative.ca\/International\/wp-json\/wp\/v2\/users\/1790"}],"replies":[{"embeddable":true,"href":"https:\/\/linitiative.ca\/International\/wp-json\/wp\/v2\/comments?post=67556"}],"version-history":[{"count":0,"href":"https:\/\/linitiative.ca\/International\/wp-json\/wp\/v2\/posts\/67556\/revisions"}],"wp:attachment":[{"href":"https:\/\/linitiative.ca\/International\/wp-json\/wp\/v2\/media?parent=67556"}],"wp:term":[{"taxonomy":"category","embeddable":true,"href":"https:\/\/linitiative.ca\/International\/wp-json\/wp\/v2\/categories?post=67556"},{"taxonomy":"post_tag","embeddable":true,"href":"https:\/\/linitiative.ca\/International\/wp-json\/wp\/v2\/tags?post=67556"}],"curies":[{"name":"wp","href":"https:\/\/api.w.org\/{rel}","templated":true}]}}