{"id":67566,"date":"2019-11-15T15:14:24","date_gmt":"2019-11-15T20:14:24","guid":{"rendered":"https:\/\/linitiative.ca\/International\/equipe-dalgerie-maxime-spano-rahou-letat-desprit-est-tres-bon-au-sein-du-groupe\/"},"modified":"2019-11-15T15:14:24","modified_gmt":"2019-11-15T20:14:24","slug":"equipe-dalgerie-maxime-spano-rahou-letat-desprit-est-tres-bon-au-sein-du-groupe","status":"publish","type":"post","link":"https:\/\/linitiative.ca\/International\/equipe-dalgerie-maxime-spano-rahou-letat-desprit-est-tres-bon-au-sein-du-groupe\/","title":{"rendered":"Equipe d&rsquo;Alg\u00e9rie : Maxime Spano-Rahou: \u00abL&rsquo;\u00e9tat d&rsquo;esprit est tr\u00e8s bon au sein du groupe\u00bb"},"content":{"rendered":"<div readability=\"32\">\n<p>Auteur : <span class=\"time\">vendredi 15 novembre 2019 13:43<\/span><\/p>\n<\/div>\n<div id=\"post_core\" readability=\"44\">\n<p>Le d\u00e9fenseur de l\u2019EN, Maxime Spano-Rahou a d\u00e9clar\u00e9 \u00e0 l\u2019issue du match d\u2019hier soir face \u00e0 la Zambie\u00a0:\u00a0\u00ab\u00a0Je ressens beaucoup de bonheur \u00e0 l&rsquo;occasion de ma premi\u00e8re convocation avec l&rsquo;\u00e9quipe d&rsquo;Alg\u00e9rie, d&rsquo;autant qu&rsquo;il y avait au bout une belle victoire, d\u00e9croch\u00e9e avec l&rsquo;art et la mani\u00e8re. Le d\u00e9placement au Botswana s&rsquo;annonce compliqu\u00e9e, avec notamment plusieurs d&rsquo;heures d&rsquo;avion, ce n&rsquo;est jamais facile de partir \u00e0 l&rsquo;aventure. Il faut s&rsquo;attendre \u00e0 tout, mais l&rsquo;\u00e9quipe va certainement r\u00e9pondre pr\u00e9sente, l&rsquo;\u00e9tat d&rsquo;esprit est tr\u00e8s bon au sein du groupe. Il n&rsquo;y aura pas de raison pour ne pas revenir avec un r\u00e9sultat probant.\u00a0\u00bb<\/p>\n<p><strong>Publi\u00e9 dans :<\/strong> <span>Maxime Spano-Rahou<\/span><\/p>\n<\/div>\n<p>Auteur:<br \/>\n<a href=\"http:\/\/www.lebuteur.com\/article\/detail?titre=maxime-spano-rahou-letat-desprit-est-tres-bon-au-sein-du-groupe&#038;id=92973&#038;utm_source=feedburner&#038;utm_medium=feed&#038;utm_campaign=Feed%3A+GalerieFArtciles+%28Les+derniers+articles++-+lebuteur.com%29\">Cliquez ici pour lire l&rsquo;article depuis sa source.<\/a><\/p>\n","protected":false},"excerpt":{"rendered":"<p>Auteur : vendredi 15 novembre 2019 13:43 Le d\u00e9fenseur de l\u2019EN, Maxime Spano-Rahou a d\u00e9clar\u00e9 \u00e0 l\u2019issue du match d\u2019hier soir face \u00e0 la Zambie\u00a0:\u00a0\u00ab\u00a0Je ressens beaucoup de bonheur \u00e0 l&rsquo;occasion de ma premi\u00e8re convocation avec l&rsquo;\u00e9quipe d&rsquo;Alg\u00e9rie, d&rsquo;autant qu&rsquo;il y avait au bout une belle victoire, d\u00e9croch\u00e9e avec l&rsquo;art et la mani\u00e8re. Le d\u00e9placement [&hellip;]<\/p>\n","protected":false},"author":1738,"featured_media":67567,"comment_status":"closed","ping_status":"closed","sticky":false,"template":"","format":"standard","meta":{"fifu_image_url":"","fifu_image_alt":"","footnotes":""},"categories":[53,75],"tags":[],"class_list":["post-67566","post","type-post","status-publish","format-standard","has-post-thumbnail","hentry","category-algerie","category-sport"],"_links":{"self":[{"href":"https:\/\/linitiative.ca\/International\/wp-json\/wp\/v2\/posts\/67566","targetHints":{"allow":["GET"]}}],"collection":[{"href":"https:\/\/linitiative.ca\/International\/wp-json\/wp\/v2\/posts"}],"about":[{"href":"https:\/\/linitiative.ca\/International\/wp-json\/wp\/v2\/types\/post"}],"author":[{"embeddable":true,"href":"https:\/\/linitiative.ca\/International\/wp-json\/wp\/v2\/users\/1738"}],"replies":[{"embeddable":true,"href":"https:\/\/linitiative.ca\/International\/wp-json\/wp\/v2\/comments?post=67566"}],"version-history":[{"count":0,"href":"https:\/\/linitiative.ca\/International\/wp-json\/wp\/v2\/posts\/67566\/revisions"}],"wp:featuredmedia":[{"embeddable":true,"href":"https:\/\/linitiative.ca\/International\/wp-json\/"}],"wp:attachment":[{"href":"https:\/\/linitiative.ca\/International\/wp-json\/wp\/v2\/media?parent=67566"}],"wp:term":[{"taxonomy":"category","embeddable":true,"href":"https:\/\/linitiative.ca\/International\/wp-json\/wp\/v2\/categories?post=67566"},{"taxonomy":"post_tag","embeddable":true,"href":"https:\/\/linitiative.ca\/International\/wp-json\/wp\/v2\/tags?post=67566"}],"curies":[{"name":"wp","href":"https:\/\/api.w.org\/{rel}","templated":true}]}}