{"id":67568,"date":"2019-11-15T15:14:27","date_gmt":"2019-11-15T20:14:27","guid":{"rendered":"https:\/\/linitiative.ca\/International\/international-liverpool-klopp-a-dit-non-a-ce-joueur-du-barca\/"},"modified":"2019-11-15T15:14:27","modified_gmt":"2019-11-15T20:14:27","slug":"international-liverpool-klopp-a-dit-non-a-ce-joueur-du-barca","status":"publish","type":"post","link":"https:\/\/linitiative.ca\/International\/international-liverpool-klopp-a-dit-non-a-ce-joueur-du-barca\/","title":{"rendered":"International : Liverpool : Klopp a dit non \u00e0 ce joueur du Bar\u00e7a"},"content":{"rendered":"<div readability=\"32\">\n<p>Auteur : <span class=\"time\">vendredi 15 novembre 2019 21:04<\/span><\/p>\n<\/div>\n<div id=\"post_core\" readability=\"56\">\n<p>Auteur d&rsquo;une excellente saison sur la sc\u00e8ne europ\u00e9enne avec l&rsquo;Ajax Amsterdam, Frenkie De Jong \u00e9tait le symbole de la g\u00e9n\u00e9ration dor\u00e9e du club n\u00e9erlandais, qui a atteint les demi-finales de la prestigieuse Ligue des champions avec une qualit\u00e9 de jeu inoubliable.<\/p>\n<p>Selon les informations du Daily Express que rapporte Goal, Frenkie De Long aurait en pu s&rsquo;engager \u00e0 Liverpool, o\u00f9 il aurait \u00e9t\u00e9 propos\u00e9 au terme de cette saison 2018-2019. Mais J\u00fcrgen Klopp, le manager des Reds, n&rsquo;aurait pas donn\u00e9 suite \u00e0 cette proposition comme l&rsquo;indique Goal. Le technicien allemand dispose en effet d&rsquo;une concurrence d\u00e9j\u00e0 importante pour son entrejeu, avec les pr\u00e9sences de Fabinho, Jordan Henderson, Georginio Wijnaldum, James Milner ou encore Naby Keita.<\/p>\n<p>Surtout, Liverpool peut s&rsquo;appuyer sur une coh\u00e9sion de groupe quasi parfaite depuis deux saisons et demi. Une harmonie qui a permis aux Reds de d\u00e9crocher la Ligue des champions apr\u00e8s avoir atteint la finale, tout en terminant deuxi\u00e8me de Premier League au terme d&rsquo;une course extraordinaire avec Manchester City.<\/p>\n<p><strong>Publi\u00e9 dans :<\/strong> <span>liverpool<\/span><\/p>\n<\/div>\n<p>Auteur:<br \/>\n<a href=\"http:\/\/www.lebuteur.com\/article\/detail?titre=liverpool-klopp-a-dit-non-a-ce-joueur-du-barca&#038;id=92974&#038;utm_source=feedburner&#038;utm_medium=feed&#038;utm_campaign=Feed%3A+GalerieFArtciles+%28Les+derniers+articles++-+lebuteur.com%29\">Cliquez ici pour lire l&rsquo;article depuis sa source.<\/a><\/p>\n","protected":false},"excerpt":{"rendered":"<p>Auteur : vendredi 15 novembre 2019 21:04 Auteur d&rsquo;une excellente saison sur la sc\u00e8ne europ\u00e9enne avec l&rsquo;Ajax Amsterdam, Frenkie De Jong \u00e9tait le symbole de la g\u00e9n\u00e9ration dor\u00e9e du club n\u00e9erlandais, qui a atteint les demi-finales de la prestigieuse Ligue des champions avec une qualit\u00e9 de jeu inoubliable. Selon les informations du Daily Express que [&hellip;]<\/p>\n","protected":false},"author":1738,"featured_media":67569,"comment_status":"closed","ping_status":"closed","sticky":false,"template":"","format":"standard","meta":{"fifu_image_url":"","fifu_image_alt":"","footnotes":""},"categories":[53,75],"tags":[],"class_list":["post-67568","post","type-post","status-publish","format-standard","has-post-thumbnail","hentry","category-algerie","category-sport"],"_links":{"self":[{"href":"https:\/\/linitiative.ca\/International\/wp-json\/wp\/v2\/posts\/67568","targetHints":{"allow":["GET"]}}],"collection":[{"href":"https:\/\/linitiative.ca\/International\/wp-json\/wp\/v2\/posts"}],"about":[{"href":"https:\/\/linitiative.ca\/International\/wp-json\/wp\/v2\/types\/post"}],"author":[{"embeddable":true,"href":"https:\/\/linitiative.ca\/International\/wp-json\/wp\/v2\/users\/1738"}],"replies":[{"embeddable":true,"href":"https:\/\/linitiative.ca\/International\/wp-json\/wp\/v2\/comments?post=67568"}],"version-history":[{"count":0,"href":"https:\/\/linitiative.ca\/International\/wp-json\/wp\/v2\/posts\/67568\/revisions"}],"wp:featuredmedia":[{"embeddable":true,"href":"https:\/\/linitiative.ca\/International\/wp-json\/"}],"wp:attachment":[{"href":"https:\/\/linitiative.ca\/International\/wp-json\/wp\/v2\/media?parent=67568"}],"wp:term":[{"taxonomy":"category","embeddable":true,"href":"https:\/\/linitiative.ca\/International\/wp-json\/wp\/v2\/categories?post=67568"},{"taxonomy":"post_tag","embeddable":true,"href":"https:\/\/linitiative.ca\/International\/wp-json\/wp\/v2\/tags?post=67568"}],"curies":[{"name":"wp","href":"https:\/\/api.w.org\/{rel}","templated":true}]}}