{"id":67570,"date":"2019-11-15T15:18:59","date_gmt":"2019-11-15T20:18:59","guid":{"rendered":"https:\/\/linitiative.ca\/International\/legalisation-des-documents-detat-civil-en-langue-etrangere-facilitation-de-la-mesure\/"},"modified":"2019-11-15T15:18:59","modified_gmt":"2019-11-15T20:18:59","slug":"legalisation-des-documents-detat-civil-en-langue-etrangere-facilitation-de-la-mesure","status":"publish","type":"post","link":"https:\/\/linitiative.ca\/International\/legalisation-des-documents-detat-civil-en-langue-etrangere-facilitation-de-la-mesure\/","title":{"rendered":"L\u00e9galisation des documents d\u2019\u00e9tat civil en langue \u00e9trang\u00e8re  :  Facilitation de la mesure"},"content":{"rendered":"<p>Le minist\u00e8re de l&rsquo;Int\u00e9rieur a annonc\u00e9 jeudi \u00abla facilitation\u00bb de la mesure de l\u00e9galisation des documents d&rsquo;\u00e9tat civil \u00e9mis en langue \u00e9trang\u00e8re, demand\u00e9s par les autorit\u00e9s \u00e9trang\u00e8res.\u00a0<\/p>\n<p>La mesure a \u00e9t\u00e9 facilit\u00e9e en proc\u00e9dant directement \u00e0 la l\u00e9galisation aupr\u00e8s des services de l&rsquo;Administration centrale du minist\u00e8re des Affaires \u00e9trang\u00e8re, apr\u00e8s leur retrait des communes concern\u00e9es sans passer par la l\u00e9galisation au niveau des wilayas ou des da\u00efras concern\u00e9es, a indiqu\u00e9 un communiqu\u00e9 du minist\u00e8re. \u00abD\u00e9sormais, les concern\u00e9s n&rsquo;auront plus \u00e0 se pr\u00e9senter au niveau des wilayas ou des da\u00efras pour l\u00e9galiser leurs documents d&rsquo;\u00e9tat civil en langue \u00e9trang\u00e8re, et auront plut\u00f4t \u00e0 se rendre directement \u00e0 l&rsquo;administration centrale du minist\u00e8re des Affaires \u00e9trang\u00e8res pour parachever la mesure de l\u00e9galisation\u00bb.<\/p>\n<p>Auteur: elmoudjahid<br \/>\n<a href=\"http:\/\/www.elmoudjahid.com\/fr\/actualites\/144552\">Cliquez ici pour lire l&rsquo;article depuis sa source.<\/a><\/p>\n","protected":false},"excerpt":{"rendered":"<p>Le minist\u00e8re de l&rsquo;Int\u00e9rieur a annonc\u00e9 jeudi \u00abla facilitation\u00bb de la mesure de l\u00e9galisation des documents d&rsquo;\u00e9tat civil \u00e9mis en langue \u00e9trang\u00e8re, demand\u00e9s par les autorit\u00e9s \u00e9trang\u00e8res.\u00a0 La mesure a \u00e9t\u00e9 facilit\u00e9e en proc\u00e9dant directement \u00e0 la l\u00e9galisation aupr\u00e8s des services de l&rsquo;Administration centrale du minist\u00e8re des Affaires \u00e9trang\u00e8re, apr\u00e8s leur retrait des communes concern\u00e9es [&hellip;]<\/p>\n","protected":false},"author":1744,"featured_media":0,"comment_status":"closed","ping_status":"closed","sticky":false,"template":"","format":"standard","meta":{"fifu_image_url":"","fifu_image_alt":"","footnotes":""},"categories":[73,53],"tags":[],"class_list":["post-67570","post","type-post","status-publish","format-standard","hentry","category-actualite","category-algerie"],"_links":{"self":[{"href":"https:\/\/linitiative.ca\/International\/wp-json\/wp\/v2\/posts\/67570","targetHints":{"allow":["GET"]}}],"collection":[{"href":"https:\/\/linitiative.ca\/International\/wp-json\/wp\/v2\/posts"}],"about":[{"href":"https:\/\/linitiative.ca\/International\/wp-json\/wp\/v2\/types\/post"}],"author":[{"embeddable":true,"href":"https:\/\/linitiative.ca\/International\/wp-json\/wp\/v2\/users\/1744"}],"replies":[{"embeddable":true,"href":"https:\/\/linitiative.ca\/International\/wp-json\/wp\/v2\/comments?post=67570"}],"version-history":[{"count":0,"href":"https:\/\/linitiative.ca\/International\/wp-json\/wp\/v2\/posts\/67570\/revisions"}],"wp:attachment":[{"href":"https:\/\/linitiative.ca\/International\/wp-json\/wp\/v2\/media?parent=67570"}],"wp:term":[{"taxonomy":"category","embeddable":true,"href":"https:\/\/linitiative.ca\/International\/wp-json\/wp\/v2\/categories?post=67570"},{"taxonomy":"post_tag","embeddable":true,"href":"https:\/\/linitiative.ca\/International\/wp-json\/wp\/v2\/tags?post=67570"}],"curies":[{"name":"wp","href":"https:\/\/api.w.org\/{rel}","templated":true}]}}