{"id":67571,"date":"2019-11-15T15:19:01","date_gmt":"2019-11-15T20:19:01","guid":{"rendered":"https:\/\/linitiative.ca\/International\/lapn-a-pris-part-hier-a-paris-a-la-conference-parlementaire-sur-le-sahara-occidental\/"},"modified":"2019-11-15T15:19:01","modified_gmt":"2019-11-15T20:19:01","slug":"lapn-a-pris-part-hier-a-paris-a-la-conference-parlementaire-sur-le-sahara-occidental","status":"publish","type":"post","link":"https:\/\/linitiative.ca\/International\/lapn-a-pris-part-hier-a-paris-a-la-conference-parlementaire-sur-le-sahara-occidental\/","title":{"rendered":"L\u2019APN a pris part, hier \u00e0 Paris, \u00e0 la conf\u00e9rence parlementaire sur le Sahara Occidental"},"content":{"rendered":"<div class=\"TxArtcile\" readability=\"16\">\n<div class=\"ImgCapt\"><img loading=\"lazy\" decoding=\"async\" width=\"208\" height=\"208\" src=\"http:\/\/www.elmoudjahid.com\/temp\/fr\/actualite2[144553].jpg\" alt=\"\" \/><span>D.R<\/span><\/div>\n<p>L&rsquo;APN a pris part, hier \u00e0 Paris (France), aux travaux d&rsquo;une conf\u00e9rence parlementaire sur le Sahara Occidental, a indiqu\u00e9 un communiqu\u00e9 de la chambre basse du Parlement. Initi\u00e9e par le s\u00e9nat fran\u00e7ais, avec le concours de l&rsquo;Association des amis de la R\u00e9publique arabe sahraouie d\u00e9mocratique (RASD) en France, la conf\u00e9rence porte sur \u00ables dimensions juridiques et politiques de la souverainet\u00e9 du peuple sahraoui sur ses ressources naturelles\u00bb, a pr\u00e9cis\u00e9 la m\u00eame source. L&rsquo;APN est repr\u00e9sent\u00e9e par le d\u00e9put\u00e9 Mohamed Moussaoudja en sa qualit\u00e9 de membre du groupe parlementaire d&rsquo;amiti\u00e9 et de fraternit\u00e9 Alg\u00e9rie-Sahara Occidental.\u00a0<\/p>\n<\/div>\n<div class=\"ModliArtilUne\">\n<ul>\n<li><strong>Publi\u00e9 dans :<\/strong><\/li>\n<\/ul>\n<\/div>\n<div class=\"MbComIns\" id=\"newcom\" readability=\"5.69402985075\">\n<h6>DONNEZ VOTRE AVIS<\/h6>\n<p>Il n&rsquo;y a actuellement aucune r\u00e9action \u00e0 cette information. Soyez le premier \u00e0 r\u00e9agir !<\/p>\n<p><a href=\"\" rel=\"#popup\" class=\"login resetbutton\">Identifiez-vous<\/a><a class=\"button\" href=\"http:\/\/www.elmoudjahid.com\/fr\/inscription\/\"><span>S&rsquo;inscrire<\/span><\/a><\/p>\n<\/div>\n<p>Auteur: elmoudjahid<br \/>\n<a href=\"http:\/\/www.elmoudjahid.com\/fr\/actualites\/144553\">Cliquez ici pour lire l&rsquo;article depuis sa source.<\/a><\/p>\n","protected":false},"excerpt":{"rendered":"<p>D.R L&rsquo;APN a pris part, hier \u00e0 Paris (France), aux travaux d&rsquo;une conf\u00e9rence parlementaire sur le Sahara Occidental, a indiqu\u00e9 un communiqu\u00e9 de la chambre basse du Parlement. Initi\u00e9e par le s\u00e9nat fran\u00e7ais, avec le concours de l&rsquo;Association des amis de la R\u00e9publique arabe sahraouie d\u00e9mocratique (RASD) en France, la conf\u00e9rence porte sur \u00ables dimensions [&hellip;]<\/p>\n","protected":false},"author":1744,"featured_media":67572,"comment_status":"closed","ping_status":"closed","sticky":false,"template":"","format":"standard","meta":{"fifu_image_url":"","fifu_image_alt":"","footnotes":""},"categories":[73,53],"tags":[],"class_list":["post-67571","post","type-post","status-publish","format-standard","has-post-thumbnail","hentry","category-actualite","category-algerie"],"_links":{"self":[{"href":"https:\/\/linitiative.ca\/International\/wp-json\/wp\/v2\/posts\/67571","targetHints":{"allow":["GET"]}}],"collection":[{"href":"https:\/\/linitiative.ca\/International\/wp-json\/wp\/v2\/posts"}],"about":[{"href":"https:\/\/linitiative.ca\/International\/wp-json\/wp\/v2\/types\/post"}],"author":[{"embeddable":true,"href":"https:\/\/linitiative.ca\/International\/wp-json\/wp\/v2\/users\/1744"}],"replies":[{"embeddable":true,"href":"https:\/\/linitiative.ca\/International\/wp-json\/wp\/v2\/comments?post=67571"}],"version-history":[{"count":0,"href":"https:\/\/linitiative.ca\/International\/wp-json\/wp\/v2\/posts\/67571\/revisions"}],"wp:featuredmedia":[{"embeddable":true,"href":"https:\/\/linitiative.ca\/International\/wp-json\/"}],"wp:attachment":[{"href":"https:\/\/linitiative.ca\/International\/wp-json\/wp\/v2\/media?parent=67571"}],"wp:term":[{"taxonomy":"category","embeddable":true,"href":"https:\/\/linitiative.ca\/International\/wp-json\/wp\/v2\/categories?post=67571"},{"taxonomy":"post_tag","embeddable":true,"href":"https:\/\/linitiative.ca\/International\/wp-json\/wp\/v2\/tags?post=67571"}],"curies":[{"name":"wp","href":"https:\/\/api.w.org\/{rel}","templated":true}]}}