{"id":67573,"date":"2019-11-15T15:19:03","date_gmt":"2019-11-15T20:19:03","guid":{"rendered":"https:\/\/linitiative.ca\/International\/agression-contre-la-bande-de-ghaza-lalgerie-condamne-avec-force\/"},"modified":"2019-11-15T15:19:03","modified_gmt":"2019-11-15T20:19:03","slug":"agression-contre-la-bande-de-ghaza-lalgerie-condamne-avec-force","status":"publish","type":"post","link":"https:\/\/linitiative.ca\/International\/agression-contre-la-bande-de-ghaza-lalgerie-condamne-avec-force\/","title":{"rendered":"Agression contre la bande de Ghaza   : L\u2019Alg\u00e9rie condamne avec force"},"content":{"rendered":"<div class=\"TxArtcile\" readability=\"19\">\n<div class=\"ImgCapt\"><img loading=\"lazy\" decoding=\"async\" width=\"208\" height=\"208\" src=\"http:\/\/www.elmoudjahid.com\/temp\/fr\/actualite2[144554].jpg\" alt=\"\" \/><span>D.R<\/span><\/div>\n<p>L\u2019Alg\u00e9rie a condamn\u00e9 avec force \u00abl\u2019agression odieuse\u00bb de l\u2019occupation isra\u00e9lienne contre la bande de Ghaza, laquelle a fait plusieurs victimes parmi les habitants de l\u2019enclave palestinienne, r\u00e9it\u00e9rant sa pleine solidarit\u00e9 avec le peuple palestinien fr\u00e8re, a indiqu\u00e9 le porte-parole officiel du minist\u00e8re des Affaires \u00e9trang\u00e8res (MAE), Abdelaziz Benali Cherif. \u00abNous condamnons avec force l&rsquo;agression odieuse de l\u2019occupation isra\u00e9lienne, laquelle a fait plusieurs martyrs et bless\u00e9s parmi les habitants de la bande de Ghaza\u00bb, a d\u00e9clar\u00e9 M. Benali Cherif. \u00abTout en d\u00e9non\u00e7ant cette escalade dangereuse qui est une nouvelle violation commisse par l\u2019occupation isra\u00e9lienne des chartes et lois internationales, nous r\u00e9it\u00e9rons notre enti\u00e8re solidarit\u00e9 avec le peuple palestinien fr\u00e8re et appelons la Communaut\u00e9 internationale \u00e0 une intervention urgente, en vue de mettre un terme \u00e0 ces agressions criminelles r\u00e9p\u00e9t\u00e9es \u00e0 l\u2019encontre du peuple palestinien d\u00e9sarm\u00e9\u00bb, a conclu M. Benali Cherif.<\/p>\n<\/div>\n<div class=\"ModliArtilUne\">\n<ul>\n<li><strong>Publi\u00e9 dans :<\/strong><\/li>\n<\/ul>\n<\/div>\n<div class=\"MbComIns\" id=\"newcom\" readability=\"5.69402985075\">\n<h6>DONNEZ VOTRE AVIS<\/h6>\n<p>Il n&rsquo;y a actuellement aucune r\u00e9action \u00e0 cette information. Soyez le premier \u00e0 r\u00e9agir !<\/p>\n<p><a href=\"\" rel=\"#popup\" class=\"login resetbutton\">Identifiez-vous<\/a><a class=\"button\" href=\"http:\/\/www.elmoudjahid.com\/fr\/inscription\/\"><span>S&rsquo;inscrire<\/span><\/a><\/p>\n<\/div>\n<p>Auteur: elmoudjahid<br \/>\n<a href=\"http:\/\/www.elmoudjahid.com\/fr\/actualites\/144554\">Cliquez ici pour lire l&rsquo;article depuis sa source.<\/a><\/p>\n","protected":false},"excerpt":{"rendered":"<p>D.R L\u2019Alg\u00e9rie a condamn\u00e9 avec force \u00abl\u2019agression odieuse\u00bb de l\u2019occupation isra\u00e9lienne contre la bande de Ghaza, laquelle a fait plusieurs victimes parmi les habitants de l\u2019enclave palestinienne, r\u00e9it\u00e9rant sa pleine solidarit\u00e9 avec le peuple palestinien fr\u00e8re, a indiqu\u00e9 le porte-parole officiel du minist\u00e8re des Affaires \u00e9trang\u00e8res (MAE), Abdelaziz Benali Cherif. \u00abNous condamnons avec force l&rsquo;agression [&hellip;]<\/p>\n","protected":false},"author":1744,"featured_media":67574,"comment_status":"closed","ping_status":"closed","sticky":false,"template":"","format":"standard","meta":{"fifu_image_url":"","fifu_image_alt":"","footnotes":""},"categories":[73,53],"tags":[],"class_list":["post-67573","post","type-post","status-publish","format-standard","has-post-thumbnail","hentry","category-actualite","category-algerie"],"_links":{"self":[{"href":"https:\/\/linitiative.ca\/International\/wp-json\/wp\/v2\/posts\/67573","targetHints":{"allow":["GET"]}}],"collection":[{"href":"https:\/\/linitiative.ca\/International\/wp-json\/wp\/v2\/posts"}],"about":[{"href":"https:\/\/linitiative.ca\/International\/wp-json\/wp\/v2\/types\/post"}],"author":[{"embeddable":true,"href":"https:\/\/linitiative.ca\/International\/wp-json\/wp\/v2\/users\/1744"}],"replies":[{"embeddable":true,"href":"https:\/\/linitiative.ca\/International\/wp-json\/wp\/v2\/comments?post=67573"}],"version-history":[{"count":0,"href":"https:\/\/linitiative.ca\/International\/wp-json\/wp\/v2\/posts\/67573\/revisions"}],"wp:featuredmedia":[{"embeddable":true,"href":"https:\/\/linitiative.ca\/International\/wp-json\/"}],"wp:attachment":[{"href":"https:\/\/linitiative.ca\/International\/wp-json\/wp\/v2\/media?parent=67573"}],"wp:term":[{"taxonomy":"category","embeddable":true,"href":"https:\/\/linitiative.ca\/International\/wp-json\/wp\/v2\/categories?post=67573"},{"taxonomy":"post_tag","embeddable":true,"href":"https:\/\/linitiative.ca\/International\/wp-json\/wp\/v2\/tags?post=67573"}],"curies":[{"name":"wp","href":"https:\/\/api.w.org\/{rel}","templated":true}]}}