{"id":67577,"date":"2019-11-15T15:19:08","date_gmt":"2019-11-15T20:19:08","guid":{"rendered":"https:\/\/linitiative.ca\/International\/groupe-sonatrach-m-chikhi-kamel-eddine-nouveau-pdg\/"},"modified":"2019-11-15T15:19:08","modified_gmt":"2019-11-15T20:19:08","slug":"groupe-sonatrach-m-chikhi-kamel-eddine-nouveau-pdg","status":"publish","type":"post","link":"https:\/\/linitiative.ca\/International\/groupe-sonatrach-m-chikhi-kamel-eddine-nouveau-pdg\/","title":{"rendered":"Groupe Sonatrach :   M. Chikhi Kamel-Eddine  nouveau PDG"},"content":{"rendered":"<p>\u00a0Le chef de l&rsquo;Etat, Abdelkader Bensalah a nomm\u00e9, jeudi, M. Chikhi Kamel-Eddine au poste de Pr\u00e9sident-directeur g\u00e9n\u00e9ral du Groupe Sonatrach, indique un communiqu\u00e9 de la pr\u00e9sidence de la R\u00e9publique. \u00abLe chef de l&rsquo;Etat, Abdelkader Bensalah a nomm\u00e9, ce jeudi 14 novembre 2019, M. Chikhi Kamel-Eddine au poste de Pdg du Groupe Sonatrach en remplacement de M. Hachichi Rachid dont il a \u00e9t\u00e9 mis fin aux fonctions en cette qualit\u00e9\u00bb, pr\u00e9cise le communiqu\u00e9.<\/p>\n<p>\u00a0Groupe Sonatrach<\/p>\n<p>\u00a0M. Chikhi Kamel-Eddine\u00a0<\/p>\n<p>nouveau PDG\u00a0<\/p>\n<p>Le chef de l&rsquo;Etat, Abdelkader Bensalah a nomm\u00e9, jeudi, M. Chikhi Kamel-Eddine au poste de Pr\u00e9sident-directeur g\u00e9n\u00e9ral du Groupe Sonatrach, indique un communiqu\u00e9 de la pr\u00e9sidence de la R\u00e9publique. \u00abLe chef de l&rsquo;Etat, Abdelkader Bensalah a nomm\u00e9, ce jeudi 14 novembre 2019, M. Chikhi Kamel-Eddine au poste de Pdg du Groupe Sonatrach en remplacement de M. Hachichi Rachid dont il a \u00e9t\u00e9 mis fin aux fonctions en cette qualit\u00e9\u00bb, pr\u00e9cise le communiqu\u00e9.<\/p>\n<p>\u00a0Groupe Sonatrach<\/p>\n<p>\u00a0M. Chikhi Kamel-Eddine\u00a0<\/p>\n<p>nouveau PDG\u00a0<\/p>\n<p>Le chef de l&rsquo;Etat, Abdelkader Bensalah a nomm\u00e9, jeudi, M. Chikhi Kamel-Eddine au poste de Pr\u00e9sident-directeur g\u00e9n\u00e9ral du Groupe Sonatrach, indique un communiqu\u00e9 de la pr\u00e9sidence de la R\u00e9publique. \u00abLe chef de l&rsquo;Etat, Abdelkader Bensalah a nomm\u00e9, ce jeudi 14 novembre 2019, M. Chikhi Kamel-Eddine au poste de Pdg du Groupe Sonatrach en remplacement de M. Hachichi Rachid dont il a \u00e9t\u00e9 mis fin aux fonctions en cette qualit\u00e9\u00bb, pr\u00e9cise le communiqu\u00e9.<\/p>\n<p>Auteur: elmoudjahid<br \/>\n<a href=\"http:\/\/www.elmoudjahid.com\/fr\/actualites\/144556\">Cliquez ici pour lire l&rsquo;article depuis sa source.<\/a><\/p>\n","protected":false},"excerpt":{"rendered":"<p>\u00a0Le chef de l&rsquo;Etat, Abdelkader Bensalah a nomm\u00e9, jeudi, M. Chikhi Kamel-Eddine au poste de Pr\u00e9sident-directeur g\u00e9n\u00e9ral du Groupe Sonatrach, indique un communiqu\u00e9 de la pr\u00e9sidence de la R\u00e9publique. \u00abLe chef de l&rsquo;Etat, Abdelkader Bensalah a nomm\u00e9, ce jeudi 14 novembre 2019, M. Chikhi Kamel-Eddine au poste de Pdg du Groupe Sonatrach en remplacement de [&hellip;]<\/p>\n","protected":false},"author":1744,"featured_media":0,"comment_status":"closed","ping_status":"closed","sticky":false,"template":"","format":"standard","meta":{"fifu_image_url":"","fifu_image_alt":"","footnotes":""},"categories":[73,53],"tags":[],"class_list":["post-67577","post","type-post","status-publish","format-standard","hentry","category-actualite","category-algerie"],"_links":{"self":[{"href":"https:\/\/linitiative.ca\/International\/wp-json\/wp\/v2\/posts\/67577","targetHints":{"allow":["GET"]}}],"collection":[{"href":"https:\/\/linitiative.ca\/International\/wp-json\/wp\/v2\/posts"}],"about":[{"href":"https:\/\/linitiative.ca\/International\/wp-json\/wp\/v2\/types\/post"}],"author":[{"embeddable":true,"href":"https:\/\/linitiative.ca\/International\/wp-json\/wp\/v2\/users\/1744"}],"replies":[{"embeddable":true,"href":"https:\/\/linitiative.ca\/International\/wp-json\/wp\/v2\/comments?post=67577"}],"version-history":[{"count":0,"href":"https:\/\/linitiative.ca\/International\/wp-json\/wp\/v2\/posts\/67577\/revisions"}],"wp:attachment":[{"href":"https:\/\/linitiative.ca\/International\/wp-json\/wp\/v2\/media?parent=67577"}],"wp:term":[{"taxonomy":"category","embeddable":true,"href":"https:\/\/linitiative.ca\/International\/wp-json\/wp\/v2\/categories?post=67577"},{"taxonomy":"post_tag","embeddable":true,"href":"https:\/\/linitiative.ca\/International\/wp-json\/wp\/v2\/tags?post=67577"}],"curies":[{"name":"wp","href":"https:\/\/api.w.org\/{rel}","templated":true}]}}