{"id":67581,"date":"2019-11-15T13:10:54","date_gmt":"2019-11-15T18:10:54","guid":{"rendered":"https:\/\/linitiative.ca\/International\/97551-para-athletisme-mondiaux-2019-1500m-t38-medaille-d-argent-pour-abdelkrim-krai\/"},"modified":"2019-11-15T13:10:54","modified_gmt":"2019-11-15T18:10:54","slug":"97551-para-athletisme-mondiaux-2019-1500m-t38-medaille-d-argent-pour-abdelkrim-krai","status":"publish","type":"post","link":"https:\/\/linitiative.ca\/International\/97551-para-athletisme-mondiaux-2019-1500m-t38-medaille-d-argent-pour-abdelkrim-krai\/","title":{"rendered":"Para-athl\u00e9tisme\/Mondiaux-2019 (1500m T38): m\u00e9daille d\u2019argent pour Abdelkrim Krai"},"content":{"rendered":"<div readability=\"37\">\n<p><strong>DUBAI &#8211; L&rsquo;athl\u00e8te Abdelkrim Krai a cl\u00f4tur\u00e9 la participation alg\u00e9rienne aux Championnats du monde-2019 de para-athl\u00e9tisme \u00e0 Duba\u00ef, avec une m\u00e9daille d&rsquo;argent, remport\u00e9e vendredi en finale de l&rsquo;\u00e9preuve du 1500m, classe T38.<\/strong><\/p>\n<\/div>\n<div readability=\"85\">\n<p>Krai a parcouru la distance en 4:04.70, prenant la seconde place mondiale, derri\u00e8re le nouveau champion du Monde, le Canadien Riech Nate (4:02.04, et devant l&rsquo;Australien Kenzie Deon (4:08.49), alors que Madjid Djemai, l&rsquo;autre alg\u00e9rien engag\u00e9 dans l&rsquo;\u00e9preuve, s&rsquo;est content\u00e9 de la 10e position mais en am\u00e9liorant son propre chrono (4:24.85).<\/p>\n<p>Pour sa part, Asmahane Boudjadar a termin\u00e9 le concours du lancer de poids, classe F33, en 6e position, avec un jet \u00e0 6,32m, r\u00e9alis\u00e9 \u00e0 son second essai.<\/p>\n<p>Le concours a \u00e9t\u00e9 remport\u00e9\u00a0 par la Polonaise Lucyna Kornobys (7,81m), avec \u00e0 la cl\u00e9 un nouveau record du Monde, devant la Russe Svetlana Krivenok (7,23m) et la Marocaine Fouzia El Kassioui (6,42m).<\/p>\n<p>Apr\u00e8s la 9e et derni\u00e8re journ\u00e9e des mondiaux, l&rsquo;Alg\u00e9rie a r\u00e9colt\u00e9 une moisson de 17 m\u00e9dailles (2 or, 8 argent et 6 bronze), occupant provisoirement, la 17\u00e8 position sur 63 pays class\u00e9s et 120 pays pr\u00e9sents aux joutes de Dubai-2019.<\/p>\n<p>Il est \u00e0 rappeler que l&rsquo;Alg\u00e9rie avait pris part aux Championnats du Monde para-athl\u00e9tisme-2019 avec 22 athl\u00e8tes (14 gar\u00e7ons et 8 filles), avec l&rsquo;objectif de revenir avec un total de 18 m\u00e9dailles (2 or, 4 argent et 12 bronze).<\/p>\n<p>La Chine est assur\u00e9e de terminer premi\u00e8re des Mondiaux, avec un provisoire de 58 cons\u00e9crations dont 25 or et 22 argent, devant le Br\u00e9sil avec 39 m\u00e9dailles dont 14 or et l&rsquo;Angleterre avec un total de 28 m\u00e9dailles,\u00a0 13 or, 9 argent et 6 bronze.<\/p>\n<p>Les comp\u00e9titions se poursuivent en soir\u00e9e et peuvent apporter des changements dans le classement final des m\u00e9dailles.<\/p>\n<\/div>\n<p>Auteur:<br \/>\n<a href=\"http:\/\/www.aps.dz\/sport\/97551-para-athletisme-mondiaux-2019-1500m-t38-medaille-d-argent-pour-abdelkrim-krai?utm_source=feedburner&#038;utm_medium=feed&#038;utm_campaign=Feed%3A+aps-sport+%28APS+-+SPORT%29\">Cliquez ici pour lire l&rsquo;article depuis sa source.<\/a><\/p>\n","protected":false},"excerpt":{"rendered":"<p>DUBAI &#8211; L&rsquo;athl\u00e8te Abdelkrim Krai a cl\u00f4tur\u00e9 la participation alg\u00e9rienne aux Championnats du monde-2019 de para-athl\u00e9tisme \u00e0 Duba\u00ef, avec une m\u00e9daille d&rsquo;argent, remport\u00e9e vendredi en finale de l&rsquo;\u00e9preuve du 1500m, classe T38. Krai a parcouru la distance en 4:04.70, prenant la seconde place mondiale, derri\u00e8re le nouveau champion du Monde, le Canadien Riech Nate (4:02.04, [&hellip;]<\/p>\n","protected":false},"author":1790,"featured_media":0,"comment_status":"closed","ping_status":"closed","sticky":false,"template":"","format":"standard","meta":{"fifu_image_url":"","fifu_image_alt":"","footnotes":""},"categories":[53,75],"tags":[],"class_list":["post-67581","post","type-post","status-publish","format-standard","hentry","category-algerie","category-sport"],"_links":{"self":[{"href":"https:\/\/linitiative.ca\/International\/wp-json\/wp\/v2\/posts\/67581","targetHints":{"allow":["GET"]}}],"collection":[{"href":"https:\/\/linitiative.ca\/International\/wp-json\/wp\/v2\/posts"}],"about":[{"href":"https:\/\/linitiative.ca\/International\/wp-json\/wp\/v2\/types\/post"}],"author":[{"embeddable":true,"href":"https:\/\/linitiative.ca\/International\/wp-json\/wp\/v2\/users\/1790"}],"replies":[{"embeddable":true,"href":"https:\/\/linitiative.ca\/International\/wp-json\/wp\/v2\/comments?post=67581"}],"version-history":[{"count":0,"href":"https:\/\/linitiative.ca\/International\/wp-json\/wp\/v2\/posts\/67581\/revisions"}],"wp:attachment":[{"href":"https:\/\/linitiative.ca\/International\/wp-json\/wp\/v2\/media?parent=67581"}],"wp:term":[{"taxonomy":"category","embeddable":true,"href":"https:\/\/linitiative.ca\/International\/wp-json\/wp\/v2\/categories?post=67581"},{"taxonomy":"post_tag","embeddable":true,"href":"https:\/\/linitiative.ca\/International\/wp-json\/wp\/v2\/tags?post=67581"}],"curies":[{"name":"wp","href":"https:\/\/api.w.org\/{rel}","templated":true}]}}