{"id":67583,"date":"2019-11-15T11:45:00","date_gmt":"2019-11-15T16:45:00","guid":{"rendered":"https:\/\/linitiative.ca\/International\/naama-saisie-de-106-kg-de-kif-traite-pres-dain-sefra\/"},"modified":"2019-11-15T11:45:00","modified_gmt":"2019-11-15T16:45:00","slug":"naama-saisie-de-106-kg-de-kif-traite-pres-dain-sefra","status":"publish","type":"post","link":"https:\/\/linitiative.ca\/International\/naama-saisie-de-106-kg-de-kif-traite-pres-dain-sefra\/","title":{"rendered":"NAAMA : Saisie de 106 kg de kif trait\u00e9 pr\u00e8s d\u2019A\u00efn Sefra"},"content":{"rendered":"<p><br id=\"sep_para_1\" class=\"sep_para access\"\/><\/p>\n<div id=\"para_1\" class=\"para_34003541 resize\">\n<div class=\"texte access firstletter\">Les gendarmes gardes fronti\u00e8res, GGF, relevant du groupement d\u2019A\u00efn Sefra dans la wilaya de Na\u00e2ma viennent de d\u00e9jouer une tentative d\u2019acheminement de 106 kg de r\u00e9sine de cannabis vers l\u2019int\u00e9rieur du pays , lors d\u2019une embuscade dress\u00e9e dans la r\u00e9gion frontali\u00e8re avec le Maroc. Selon une source bien inform\u00e9e, c\u2019est suite \u00e0 l\u2019exploitation d\u2019un renseignement fiable que les GGF ont tendu cette embuscade, mercredi dernier, sur un chemin vicinal menant vers A\u00efn Sefra. C\u2019est ainsi qu\u2019ils ont intercept\u00e9 un camion porte-char\u00a0 et arr\u00eat\u00e9\u00a0 les deux narcotrafiquants qui s\u2019y trouvaient \u00e0 bord. La fouille du v\u00e9hicule a permis de saisir 106 kg de r\u00e9sine de cannabis.\u00a0 La r\u00e9ussite de cette op\u00e9ration montre une fois de plus le degr\u00e9 de vigilance acquis sur le terrain par les services de s\u00e9curit\u00e9 op\u00e9rant dans le territoire de cette wilaya frontali\u00e8re devenue par la force des choses une plaque tournante du trafic de drogues apr\u00e8s celles de B\u00e9char dans le sud et de Tlemcen dans le nord.\u00a0\u00a0\u00a0\u00a0\u00a0\u00a0\u00a0\u00a0\u00a0\u00a0\u00a0\u00a0\u00a0\u00a0\u00a0\u00a0\u00a0\u00a0\u00a0\u00a0\u00a0\u00a0\u00a0\u00a0\u00a0\u00a0\u00a0\u00a0\u00a0\u00a0\u00a0\u00a0\u00a0\u00a0\u00a0\u00a0\u00a0\u00a0\u00a0\u00a0\u00a0\u00a0\u00a0\u00a0<\/div>\n<\/div>\n<p>Auteur: Ahmed Messaoud<br \/>\n<a href=\"https:\/\/www.reflexiondz.net\/NAAMA-Saisie-de-106-kg-de-kif-traite-pres-d-Ain-Sefra_a58802.html\">Cliquez ici pour lire l&rsquo;article depuis sa source.<\/a><\/p>\n","protected":false},"excerpt":{"rendered":"<p>Les gendarmes gardes fronti\u00e8res, GGF, relevant du groupement d\u2019A\u00efn Sefra dans la wilaya de Na\u00e2ma viennent de d\u00e9jouer une tentative d\u2019acheminement de 106 kg de r\u00e9sine de cannabis vers l\u2019int\u00e9rieur du pays , lors d\u2019une embuscade dress\u00e9e dans la r\u00e9gion frontali\u00e8re avec le Maroc. Selon une source bien inform\u00e9e, c\u2019est suite \u00e0 l\u2019exploitation d\u2019un renseignement [&hellip;]<\/p>\n","protected":false},"author":1740,"featured_media":0,"comment_status":"closed","ping_status":"closed","sticky":false,"template":"","format":"standard","meta":{"fifu_image_url":"","fifu_image_alt":"","footnotes":""},"categories":[53,76],"tags":[],"class_list":["post-67583","post","type-post","status-publish","format-standard","hentry","category-algerie","category-regions"],"_links":{"self":[{"href":"https:\/\/linitiative.ca\/International\/wp-json\/wp\/v2\/posts\/67583","targetHints":{"allow":["GET"]}}],"collection":[{"href":"https:\/\/linitiative.ca\/International\/wp-json\/wp\/v2\/posts"}],"about":[{"href":"https:\/\/linitiative.ca\/International\/wp-json\/wp\/v2\/types\/post"}],"author":[{"embeddable":true,"href":"https:\/\/linitiative.ca\/International\/wp-json\/wp\/v2\/users\/1740"}],"replies":[{"embeddable":true,"href":"https:\/\/linitiative.ca\/International\/wp-json\/wp\/v2\/comments?post=67583"}],"version-history":[{"count":0,"href":"https:\/\/linitiative.ca\/International\/wp-json\/wp\/v2\/posts\/67583\/revisions"}],"wp:attachment":[{"href":"https:\/\/linitiative.ca\/International\/wp-json\/wp\/v2\/media?parent=67583"}],"wp:term":[{"taxonomy":"category","embeddable":true,"href":"https:\/\/linitiative.ca\/International\/wp-json\/wp\/v2\/categories?post=67583"},{"taxonomy":"post_tag","embeddable":true,"href":"https:\/\/linitiative.ca\/International\/wp-json\/wp\/v2\/tags?post=67583"}],"curies":[{"name":"wp","href":"https:\/\/api.w.org\/{rel}","templated":true}]}}