{"id":67585,"date":"2019-11-15T11:54:00","date_gmt":"2019-11-15T16:54:00","guid":{"rendered":"https:\/\/linitiative.ca\/International\/les-patrons-des-groupes-ival-et-mazouz-devant-le-procureur\/"},"modified":"2019-11-15T11:54:00","modified_gmt":"2019-11-15T16:54:00","slug":"les-patrons-des-groupes-ival-et-mazouz-devant-le-procureur","status":"publish","type":"post","link":"https:\/\/linitiative.ca\/International\/les-patrons-des-groupes-ival-et-mazouz-devant-le-procureur\/","title":{"rendered":"Les patrons des groupes \u2018\u2019Ival\u2019\u2019 et \u2018\u2019Mazouz\u2019\u2019 devant le procureur"},"content":{"rendered":"<p><br id=\"sep_para_1\" class=\"sep_para access\"\/><\/p>\n<div id=\"para_1\" class=\"para_34003651 resize\">\n<div class=\"texte access firstletter\">Les patrons des groupes \u00ab Ival \u00bb et \u00ab Mazouz \u00bb ont \u00e9t\u00e9 pr\u00e9sent\u00e9s, jeudi 14 novembre 2019, par devant le procureur de la R\u00e9publique pr\u00e8s le tribunal de Sidi M\u2019hamed \u00e0 Alger, selon des sources concordantes. Ahmed Mazouz, le PDG du groupe priv\u00e9 \u00ab Mazouz \u00bb ainsi que Mohamed Bairi, le patron du groupe \u00abIval \u00bb ex-vice-pr\u00e9sident du FCE (Forum des chefs d\u2019entreprise), ont comparu jeudi 14 novembre, devant le procureur de la R\u00e9publique pr\u00e8s le tribunal de Sidi M\u2019hamed, pour des affaires de corruption. Plusieurs cadres relevant du Minist\u00e8re de l\u2019Industrie devraient \u00eatre entendus devant ledit tribunal dans le cadre de la m\u00eame affaire.<\/div>\n<\/div>\n<p>Auteur: R\u00e9flexion<br \/>\n<a href=\"https:\/\/www.reflexiondz.net\/Les-patrons-des-groupes-Ival-et-Mazouz-devant-le-procureur_a58822.html\">Cliquez ici pour lire l&rsquo;article depuis sa source.<\/a><\/p>\n","protected":false},"excerpt":{"rendered":"<p>Les patrons des groupes \u00ab Ival \u00bb et \u00ab Mazouz \u00bb ont \u00e9t\u00e9 pr\u00e9sent\u00e9s, jeudi 14 novembre 2019, par devant le procureur de la R\u00e9publique pr\u00e8s le tribunal de Sidi M\u2019hamed \u00e0 Alger, selon des sources concordantes. Ahmed Mazouz, le PDG du groupe priv\u00e9 \u00ab Mazouz \u00bb ainsi que Mohamed Bairi, le patron du groupe [&hellip;]<\/p>\n","protected":false},"author":1740,"featured_media":0,"comment_status":"closed","ping_status":"closed","sticky":false,"template":"","format":"standard","meta":{"fifu_image_url":"","fifu_image_alt":"","footnotes":""},"categories":[53,76],"tags":[],"class_list":["post-67585","post","type-post","status-publish","format-standard","hentry","category-algerie","category-regions"],"_links":{"self":[{"href":"https:\/\/linitiative.ca\/International\/wp-json\/wp\/v2\/posts\/67585","targetHints":{"allow":["GET"]}}],"collection":[{"href":"https:\/\/linitiative.ca\/International\/wp-json\/wp\/v2\/posts"}],"about":[{"href":"https:\/\/linitiative.ca\/International\/wp-json\/wp\/v2\/types\/post"}],"author":[{"embeddable":true,"href":"https:\/\/linitiative.ca\/International\/wp-json\/wp\/v2\/users\/1740"}],"replies":[{"embeddable":true,"href":"https:\/\/linitiative.ca\/International\/wp-json\/wp\/v2\/comments?post=67585"}],"version-history":[{"count":0,"href":"https:\/\/linitiative.ca\/International\/wp-json\/wp\/v2\/posts\/67585\/revisions"}],"wp:attachment":[{"href":"https:\/\/linitiative.ca\/International\/wp-json\/wp\/v2\/media?parent=67585"}],"wp:term":[{"taxonomy":"category","embeddable":true,"href":"https:\/\/linitiative.ca\/International\/wp-json\/wp\/v2\/categories?post=67585"},{"taxonomy":"post_tag","embeddable":true,"href":"https:\/\/linitiative.ca\/International\/wp-json\/wp\/v2\/tags?post=67585"}],"curies":[{"name":"wp","href":"https:\/\/api.w.org\/{rel}","templated":true}]}}