{"id":67596,"date":"2019-11-15T15:10:24","date_gmt":"2019-11-15T20:10:24","guid":{"rendered":"https:\/\/linitiative.ca\/International\/oum-el-bouaghi-le-hirak-se-poursuit-avec-les-memes-slogans\/"},"modified":"2019-11-15T15:10:24","modified_gmt":"2019-11-15T20:10:24","slug":"oum-el-bouaghi-le-hirak-se-poursuit-avec-les-memes-slogans","status":"publish","type":"post","link":"https:\/\/linitiative.ca\/International\/oum-el-bouaghi-le-hirak-se-poursuit-avec-les-memes-slogans\/","title":{"rendered":"Oum El Bouaghi : Le Hirak se poursuit avec les m\u00eames slogans"},"content":{"rendered":"<h4 class=\"title-14\"\/>\n<div class=\"featured_image\"><img loading=\"lazy\" decoding=\"async\" width=\"609\" height=\"343\" src=\"https:\/\/www.elwatan.com\/wp-content\/uploads\/2019\/11\/Oum-El-Bouaghi-39e-vendredi.jpg\" class=\"attachment-post-thumbnail size-post-thumbnail wp-post-image\" alt=\"\" srcset=\"https:\/\/www.elwatan.com\/wp-content\/uploads\/2019\/11\/Oum-El-Bouaghi-39e-vendredi.jpg 609w, https:\/\/www.elwatan.com\/wp-content\/uploads\/2019\/11\/Oum-El-Bouaghi-39e-vendredi-300x169.jpg 300w\" sizes=\"auto, (max-width: 609px) 100vw, 609px\"\/><\/div>\n<p>Dans la wilaya d\u2019Oum El Bouaghi, il faut le dire d\u2019embl\u00e9e, le hirak se poursuit avec la m\u00eame intensit\u00e9 et entrain surtout dans la plus grande agglom\u00e9ration qu\u2019est A\u00efn Beida.<\/p>\n<p>D\u00e8s la fin de la pri\u00e8re, les manifestants commencent \u00e0 affluer vers la place du Premier Novembre. Drap\u00e9s dans l\u2019embl\u00e8me national, des jeunes entonnent \u00e0 tue-t\u00eate les chants patriotiques.<\/p>\n<p>D\u2019autres, arm\u00e9s de t\u00e9l\u00e9phones portables immortalisent chaque instant du Hirak. Des banderoles et des \u00e9criteaux sont soulev\u00e9s au-dessus des t\u00eates des manifestants.<\/p>\n<p>La procession s\u2019\u00e9branle vers deux heures aux cris connus \u00ab Alg\u00e9rie libre et d\u00e9mocratique, F.L.N dehors, Bensalah et Ga\u00efd Salah d\u00e9gagez \u00bb et d\u2019autres slogans qui fustigent les \u00e9lections. \u00ab Nous <em>n\u2019irons pas voter\u00a0\u00bb<\/em> chante la foule qui, tout en avan\u00e7ant, devient compacte avec l\u2019arriv\u00e9e d\u2019autres manifestants.<\/p>\n<p>Quelques femmes, elles aussi portant le drapeau national, font partie du mouvement, bien encadr\u00e9es par des jeunes. Nad, un habitu\u00e9 nous confie <em>\u00ab S\u2019il faut donner du cr\u00e9dit au peuple c\u2019est \u00e0 travers ces manifestants qui battent chaque vendredi le pav\u00e9<\/em> \u00bb. Pratiquement, ce sont les m\u00eames qui participent au Hirak, croyant dur comme fer que la situation actuelle du pays doit changer.<\/p>\n<p><span class=\"post-views-label\">Post Views:<\/span> <span class=\"post-views-count\">73<\/span><\/p>\n<p><br class=\"c2\"\/><\/p>\n<p>Auteur: Mohand Yahiaoui<br \/>\n<a href=\"https:\/\/www.elwatan.com\/edition\/actualite\/oum-el-bouaghi-le-hirak-se-poursuit-avec-les-memes-slogans-15-11-2019\">Cliquez ici pour lire l&rsquo;article depuis sa source.<\/a><\/p>\n","protected":false},"excerpt":{"rendered":"<p>Dans la wilaya d\u2019Oum El Bouaghi, il faut le dire d\u2019embl\u00e9e, le hirak se poursuit avec la m\u00eame intensit\u00e9 et entrain surtout dans la plus grande agglom\u00e9ration qu\u2019est A\u00efn Beida. D\u00e8s la fin de la pri\u00e8re, les manifestants commencent \u00e0 affluer vers la place du Premier Novembre. Drap\u00e9s dans l\u2019embl\u00e8me national, des jeunes entonnent \u00e0 [&hellip;]<\/p>\n","protected":false},"author":1743,"featured_media":67597,"comment_status":"closed","ping_status":"closed","sticky":false,"template":"","format":"standard","meta":{"fifu_image_url":"","fifu_image_alt":"","footnotes":""},"categories":[73,53],"tags":[],"class_list":["post-67596","post","type-post","status-publish","format-standard","has-post-thumbnail","hentry","category-actualite","category-algerie"],"_links":{"self":[{"href":"https:\/\/linitiative.ca\/International\/wp-json\/wp\/v2\/posts\/67596","targetHints":{"allow":["GET"]}}],"collection":[{"href":"https:\/\/linitiative.ca\/International\/wp-json\/wp\/v2\/posts"}],"about":[{"href":"https:\/\/linitiative.ca\/International\/wp-json\/wp\/v2\/types\/post"}],"author":[{"embeddable":true,"href":"https:\/\/linitiative.ca\/International\/wp-json\/wp\/v2\/users\/1743"}],"replies":[{"embeddable":true,"href":"https:\/\/linitiative.ca\/International\/wp-json\/wp\/v2\/comments?post=67596"}],"version-history":[{"count":0,"href":"https:\/\/linitiative.ca\/International\/wp-json\/wp\/v2\/posts\/67596\/revisions"}],"wp:featuredmedia":[{"embeddable":true,"href":"https:\/\/linitiative.ca\/International\/wp-json\/"}],"wp:attachment":[{"href":"https:\/\/linitiative.ca\/International\/wp-json\/wp\/v2\/media?parent=67596"}],"wp:term":[{"taxonomy":"category","embeddable":true,"href":"https:\/\/linitiative.ca\/International\/wp-json\/wp\/v2\/categories?post=67596"},{"taxonomy":"post_tag","embeddable":true,"href":"https:\/\/linitiative.ca\/International\/wp-json\/wp\/v2\/tags?post=67596"}],"curies":[{"name":"wp","href":"https:\/\/api.w.org\/{rel}","templated":true}]}}