{"id":67602,"date":"2019-11-15T12:12:00","date_gmt":"2019-11-15T17:12:00","guid":{"rendered":"https:\/\/linitiative.ca\/International\/jeu-de-course-virtuelle-signe-agil-a-lauto-expo-sousse-2019\/"},"modified":"2019-11-15T12:12:00","modified_gmt":"2019-11-15T17:12:00","slug":"jeu-de-course-virtuelle-signe-agil-a-lauto-expo-sousse-2019","status":"publish","type":"post","link":"https:\/\/linitiative.ca\/International\/jeu-de-course-virtuelle-signe-agil-a-lauto-expo-sousse-2019\/","title":{"rendered":"Jeu de course virtuelle sign\u00e9 Agil \u00e0 l\u2019Auto-expo Sousse 2019"},"content":{"rendered":"<p>La deuxi\u00e8me \u00e9dition du Salon de l\u2019Automobile \u00abAuto-Expo Sousse 2019\u00bb, SNDPAGIL a pr\u00e9voy\u00e9 un stand de 48m\u00b2 qui aura th\u00e8me : \u00ab AGIL RACING TEAM \u00bb et ce, du 13 au 17 Novembre 2019.<br \/>C\u2019est le parc des expositions de la Foire Internationale de Sousse qui abritera ce stand dont l\u2019\u00e9quipe pr\u00e9voit de mettre en place un jeu virtuel de course destin\u00e9 au public les 15, 16 et 17 Novembre. Ce simulateur sera accessible \u00e0 ceux dont l&rsquo;\u00e2ge\u00a0 est 18 ans et plus, et sont titulaires d&rsquo;un permis de conduire. Le nombre de participants \u00e9tant limit\u00e9 \u00e0 20 par jour, c\u2019est le premier venu, qui sera servi.\u00a0 les 20 premiers inscrits qui r\u00e9pondent aux crit\u00e8res pourront y participer.<\/p>\n<p class=\"c2\"><img decoding=\"async\" src=\"\/uploads\/FCK_files\/73409285_1164338953755943_7912282344323547136_n-(1).jpg\" width=\"100%\" vspace=\"5\" hspace=\"5\" align=\"middle\" alt=\"\"\/><\/p>\n<p>Chacun des comp\u00e9titeurs b\u00e9n\u00e9ficiera de 8 minutes de jeu et les temps de circuits r\u00e9alis\u00e9s par chacun seront class\u00e9s\u00a0 en decrescendo quotidiennement. Les trois premiers obtiendront en r\u00e9compense des cartes Agilis de 1000, 500 et 200.<\/p>\n<p>L\u2019inscription est possible de 10h \u00e0 11h et de 14h.30 \u00e0 15h30 au stand Agil. Il vous suffit de remplir les conditions cit\u00e9es ci-dessus, sans oublier de vous munir de votre CIN.<\/p>\n<p>Au m\u00eame stand Agil, deux \u00e9l\u00e9ments seront\u00a0 en exposition permanente pendant la dur\u00e9e du salon. Il s\u2019agit de la voiture de drift du pilote Amine Chouchane et celle du rallye du pilote Hend Chaouch.\u00a0 Une troisi\u00e8me voiture de course du pilote Walid Maazouz sera au rendez-vous pour les 2 premiers jours de l\u2019\u00e9v\u00e8nement ; soit les 13 et 14 Novembre.<\/p>\n<p>Auteur:<br \/>\n<a href=\"https:\/\/www.leaders.com.tn\/article\/28426-jeu-de-course-virtuelle-signe-agil-a-l-auto-expo-sousse-2019\">Cliquez ici pour lire l&rsquo;article depuis sa source.<\/a><\/p>\n","protected":false},"excerpt":{"rendered":"<p>La deuxi\u00e8me \u00e9dition du Salon de l\u2019Automobile \u00abAuto-Expo Sousse 2019\u00bb, SNDPAGIL a pr\u00e9voy\u00e9 un stand de 48m\u00b2 qui aura th\u00e8me : \u00ab AGIL RACING TEAM \u00bb et ce, du 13 au 17 Novembre 2019.C\u2019est le parc des expositions de la Foire Internationale de Sousse qui abritera ce stand dont l\u2019\u00e9quipe pr\u00e9voit de mettre en place [&hellip;]<\/p>\n","protected":false},"author":1772,"featured_media":67603,"comment_status":"closed","ping_status":"closed","sticky":false,"template":"","format":"standard","meta":{"fifu_image_url":"","fifu_image_alt":"","footnotes":""},"categories":[73,55],"tags":[],"class_list":["post-67602","post","type-post","status-publish","format-standard","has-post-thumbnail","hentry","category-actualite","category-tunisie"],"_links":{"self":[{"href":"https:\/\/linitiative.ca\/International\/wp-json\/wp\/v2\/posts\/67602","targetHints":{"allow":["GET"]}}],"collection":[{"href":"https:\/\/linitiative.ca\/International\/wp-json\/wp\/v2\/posts"}],"about":[{"href":"https:\/\/linitiative.ca\/International\/wp-json\/wp\/v2\/types\/post"}],"author":[{"embeddable":true,"href":"https:\/\/linitiative.ca\/International\/wp-json\/wp\/v2\/users\/1772"}],"replies":[{"embeddable":true,"href":"https:\/\/linitiative.ca\/International\/wp-json\/wp\/v2\/comments?post=67602"}],"version-history":[{"count":0,"href":"https:\/\/linitiative.ca\/International\/wp-json\/wp\/v2\/posts\/67602\/revisions"}],"wp:featuredmedia":[{"embeddable":true,"href":"https:\/\/linitiative.ca\/International\/wp-json\/"}],"wp:attachment":[{"href":"https:\/\/linitiative.ca\/International\/wp-json\/wp\/v2\/media?parent=67602"}],"wp:term":[{"taxonomy":"category","embeddable":true,"href":"https:\/\/linitiative.ca\/International\/wp-json\/wp\/v2\/categories?post=67602"},{"taxonomy":"post_tag","embeddable":true,"href":"https:\/\/linitiative.ca\/International\/wp-json\/wp\/v2\/tags?post=67602"}],"curies":[{"name":"wp","href":"https:\/\/api.w.org\/{rel}","templated":true}]}}